{"id":11695,"date":"2017-10-26T18:38:55","date_gmt":"2017-10-26T18:38:55","guid":{"rendered":"http:\/\/enteculturalsantafesino.com.ar\/usina3\/?p=11695"},"modified":"2017-10-26T18:38:55","modified_gmt":"2017-10-26T18:38:55","slug":"el-premio-provincial-julio-migno-ya-se-encuentra-en-santa-teresa","status":"publish","type":"post","link":"http:\/\/enteculturalsantafesino.com.ar\/usina3\/2017\/10\/el-premio-provincial-julio-migno-ya-se-encuentra-en-santa-teresa\/","title":{"rendered":"El Premio Provincial \u00abJulio Migno\u00bb ya se encuentra en Santa Teresa"},"content":{"rendered":"<p><a href=\"http:\/\/enteculturalsantafesino.com.ar\/usina3\/wp-content\/uploads\/2017\/10\/22883415_486781321708012_917832808_n.jpg\" rel=\"lightbox[11695]\"><img loading=\"lazy\" decoding=\"async\" class=\"alignright size-medium wp-image-11697\" src=\"http:\/\/enteculturalsantafesino.com.ar\/usina3\/wp-content\/uploads\/2017\/10\/22883415_486781321708012_917832808_n-220x300.jpg\" alt=\"\" width=\"220\" height=\"300\" srcset=\"http:\/\/enteculturalsantafesino.com.ar\/usina3\/wp-content\/uploads\/2017\/10\/22883415_486781321708012_917832808_n-220x300.jpg 220w, http:\/\/enteculturalsantafesino.com.ar\/usina3\/wp-content\/uploads\/2017\/10\/22883415_486781321708012_917832808_n.jpg 704w\" sizes=\"(max-width: 220px) 100vw, 220px\" \/><\/a>El\u00a0<strong>Presidente Comunal Javier Menotti <\/strong>junto al<strong>\u00a0Secretario de Cultura Daniel Gallo Cisterna, <\/strong>el<strong> Director de la Usina III (norte) Hugo Paccioretti <\/strong>y el personal de la comuna local, recibieron a la imagen del sacerdote Florian Paucke abrazando a un ni\u00f1o mocov\u00ed, que corporiza al premio provincial. El mismo sigue su recorrido por las distintas comunidades de la\u00a0<strong>Usina III.<\/strong><\/p>\n<p>Dicha estatuilla se encuentra elaborada en barro por el artesano\u00a0<strong>Nestor Lanche (San Javier)\u00a0\u00a0<\/strong>y ser\u00e1 entregada en\u00a0 anualmente (Fiesta de los Pueblos) a todas\u00a0aquellas personas que se destaquen en el \u00e1mbito cultural y social.<\/p>\n<p>Desde el\u00a0<strong>Ente Cultural Santafesino<\/strong>\u00a0se origin\u00f3 y organiz\u00f3 un nuevo recorrido provincial a trav\u00e9s de las Comunas, Municipios, Centros Tradicionalistas, entidades educativas y culturales de m\u00e1s de cien localidades posibilitando llegar a cada rinc\u00f3n santafesino con el premio que ser\u00e1 entregado por tercer a\u00f1o consecutivo durante la\u00a0<strong>\u201cFiesta de los Pueblos\u201d<\/strong>en el mes de diciembre en la ciudad de Santa Fe.<\/p>\n<p>Durante las ediciones 2015 y 2016 los distinguidos de este premio provincial fueron:\u00a0<strong>Cacique Alfredo Salte\u00f1o (Colonia Dolores)<\/strong>\u00a0y el\u00a0<strong>Prof. Juan A. Kluczkiewicz (Gessler).<\/strong><\/p>\n<p><em>\u201cA trav\u00e9s de cada referente cultural local, se propondr\u00e1n a los candidatos, los cuales ser\u00e1n presentados en cada Usina,para representar a su regi\u00f3n e iniciar la etapa de selecci\u00f3n final en b\u00fasqueda de dicha distinci\u00f3n provincial\u201d<\/em>, expres\u00f3 el\u00a0<strong>Prof. Javier Donetti- Presidente del Ente Cultural Santafesino<\/strong><\/p>\n","protected":false},"excerpt":{"rendered":"<p>El\u00a0Presidente Comunal Javier Menotti junto al\u00a0Secretario de Cultura Daniel Gallo Cisterna, el Director de la Usina III [&hellip;]<\/p>\n","protected":false},"author":3,"featured_media":11696,"comment_status":"open","ping_status":"open","sticky":false,"template":"","format":"standard","meta":{"_jetpack_memberships_contains_paid_content":false,"footnotes":"","jetpack_publicize_message":"","jetpack_publicize_feature_enabled":true,"jetpack_social_post_already_shared":true,"jetpack_social_options":{"image_generator_settings":{"template":"highway","enabled":false}}},"categories":[4,15],"tags":[],"jetpack_publicize_connections":[],"jetpack_featured_media_url":"http:\/\/enteculturalsantafesino.com.ar\/usina3\/wp-content\/uploads\/2017\/10\/22811594_486777251708419_1345819767_n.jpg","jetpack_sharing_enabled":true,"_links":{"self":[{"href":"http:\/\/enteculturalsantafesino.com.ar\/usina3\/wp-json\/wp\/v2\/posts\/11695"}],"collection":[{"href":"http:\/\/enteculturalsantafesino.com.ar\/usina3\/wp-json\/wp\/v2\/posts"}],"about":[{"href":"http:\/\/enteculturalsantafesino.com.ar\/usina3\/wp-json\/wp\/v2\/types\/post"}],"author":[{"embeddable":true,"href":"http:\/\/enteculturalsantafesino.com.ar\/usina3\/wp-json\/wp\/v2\/users\/3"}],"replies":[{"embeddable":true,"href":"http:\/\/enteculturalsantafesino.com.ar\/usina3\/wp-json\/wp\/v2\/comments?post=11695"}],"version-history":[{"count":1,"href":"http:\/\/enteculturalsantafesino.com.ar\/usina3\/wp-json\/wp\/v2\/posts\/11695\/revisions"}],"predecessor-version":[{"id":11698,"href":"http:\/\/enteculturalsantafesino.com.ar\/usina3\/wp-json\/wp\/v2\/posts\/11695\/revisions\/11698"}],"wp:featuredmedia":[{"embeddable":true,"href":"http:\/\/enteculturalsantafesino.com.ar\/usina3\/wp-json\/wp\/v2\/media\/11696"}],"wp:attachment":[{"href":"http:\/\/enteculturalsantafesino.com.ar\/usina3\/wp-json\/wp\/v2\/media?parent=11695"}],"wp:term":[{"taxonomy":"category","embeddable":true,"href":"http:\/\/enteculturalsantafesino.com.ar\/usina3\/wp-json\/wp\/v2\/categories?post=11695"},{"taxonomy":"post_tag","embeddable":true,"href":"http:\/\/enteculturalsantafesino.com.ar\/usina3\/wp-json\/wp\/v2\/tags?post=11695"}],"curies":[{"name":"wp","href":"https:\/\/api.w.org\/{rel}","templated":true}]}}