{"id":11699,"date":"2017-10-30T12:22:25","date_gmt":"2017-10-30T12:22:25","guid":{"rendered":"http:\/\/enteculturalsantafesino.com.ar\/usina3\/?p=11699"},"modified":"2017-10-30T12:22:25","modified_gmt":"2017-10-30T12:22:25","slug":"la-ciudad-de-rufino-se-suma-al-ente-cultural-santafesino","status":"publish","type":"post","link":"http:\/\/enteculturalsantafesino.com.ar\/usina3\/2017\/10\/la-ciudad-de-rufino-se-suma-al-ente-cultural-santafesino\/","title":{"rendered":"La ciudad de Rufino se suma al Ente Cultural Santafesino"},"content":{"rendered":"<p>El<strong> Intendente Municipal Dr Abel Natalio Lattanzi<\/strong> junto al<strong> responsable del \u00c1rea de Educaci\u00f3n y Cultura Rub\u00e9n R. Iriarte, <\/strong>mediante nota de\u00a0solicitud\u00a0fundamenta la incorporaci\u00f3n de la <strong>Municipalidad de Rufino<em>,<a href=\"http:\/\/www.facebook.com\/comuna.deramona.5#!\/ComunaDeRamona?fref=ts\">\u00a0<\/a><\/em><\/strong>comprometi\u00e9ndose junto al resto de los integrantes de la<strong>\u00a0Usina III<\/strong>\u00a0a cumplir con los quehaceres culturales, imbuidos en el precepto de \u201centramado regional, pluralista y democr\u00e1tico\u201d.<\/p>\n<p>Motivo por lo cual el\u00a0<strong>Ente Cultural Santafesino<\/strong>\u00a0ha aceptado la solicitud convirti\u00e9ndose en un nuevo adherente, con la finalidad de generar los espacios de promoci\u00f3n y difusi\u00f3n desde la tarea de \u201cregionalizaci\u00f3n\u201d a trav\u00e9s del desarrollo productivo y cultural de nuestras comunidades santafesinas.<\/p>\n<div>Dicho organismo posibilitar\u00e1 la interacci\u00f3n activa de los distintos organismos culturales de cada comunidad participante, logrando acuerdos y pol\u00edticas que reflejen una mayor y mejor jerarquizaci\u00f3n en las gestiones culturales.<\/div>\n<div><\/div>\n<div><b>Rufino<\/b>\u00a0<em>es una localidad\u00a0argentina\u00a0ubicada en el extremo sudoeste de la\u00a0provincia de Santa Fe, perteneciente al\u00a0departamento General L\u00f3pez. Se ubica en el cruce de la\u00a0RN 7\u00a0con la\u00a0RN 33, a 260\u00a0km\u00a0de\u00a0Rosario, a 100\u00a0km\u00a0de\u00a0Venado Tuerto, a 425\u00a0km\u00a0de la ciudad de\u00a0Santa Fe\u00a0y a 6\u00a0km\u00a0del l\u00edmite con la provincia de\u00a0C\u00f3rdoba.<\/em><\/div>\n","protected":false},"excerpt":{"rendered":"<p>El Intendente Municipal Dr Abel Natalio Lattanzi junto al responsable del \u00c1rea de Educaci\u00f3n y Cultura Rub\u00e9n [&hellip;]<\/p>\n","protected":false},"author":3,"featured_media":11700,"comment_status":"open","ping_status":"open","sticky":false,"template":"","format":"standard","meta":{"_jetpack_memberships_contains_paid_content":false,"footnotes":"","jetpack_publicize_message":"","jetpack_publicize_feature_enabled":true,"jetpack_social_post_already_shared":true,"jetpack_social_options":{"image_generator_settings":{"template":"highway","enabled":false}}},"categories":[4,37],"tags":[],"jetpack_publicize_connections":[],"jetpack_featured_media_url":"http:\/\/enteculturalsantafesino.com.ar\/usina3\/wp-content\/uploads\/2017\/10\/11130156_812073068867879_2831682537724981392_n.jpg","jetpack_sharing_enabled":true,"_links":{"self":[{"href":"http:\/\/enteculturalsantafesino.com.ar\/usina3\/wp-json\/wp\/v2\/posts\/11699"}],"collection":[{"href":"http:\/\/enteculturalsantafesino.com.ar\/usina3\/wp-json\/wp\/v2\/posts"}],"about":[{"href":"http:\/\/enteculturalsantafesino.com.ar\/usina3\/wp-json\/wp\/v2\/types\/post"}],"author":[{"embeddable":true,"href":"http:\/\/enteculturalsantafesino.com.ar\/usina3\/wp-json\/wp\/v2\/users\/3"}],"replies":[{"embeddable":true,"href":"http:\/\/enteculturalsantafesino.com.ar\/usina3\/wp-json\/wp\/v2\/comments?post=11699"}],"version-history":[{"count":1,"href":"http:\/\/enteculturalsantafesino.com.ar\/usina3\/wp-json\/wp\/v2\/posts\/11699\/revisions"}],"predecessor-version":[{"id":11701,"href":"http:\/\/enteculturalsantafesino.com.ar\/usina3\/wp-json\/wp\/v2\/posts\/11699\/revisions\/11701"}],"wp:featuredmedia":[{"embeddable":true,"href":"http:\/\/enteculturalsantafesino.com.ar\/usina3\/wp-json\/wp\/v2\/media\/11700"}],"wp:attachment":[{"href":"http:\/\/enteculturalsantafesino.com.ar\/usina3\/wp-json\/wp\/v2\/media?parent=11699"}],"wp:term":[{"taxonomy":"category","embeddable":true,"href":"http:\/\/enteculturalsantafesino.com.ar\/usina3\/wp-json\/wp\/v2\/categories?post=11699"},{"taxonomy":"post_tag","embeddable":true,"href":"http:\/\/enteculturalsantafesino.com.ar\/usina3\/wp-json\/wp\/v2\/tags?post=11699"}],"curies":[{"name":"wp","href":"https:\/\/api.w.org\/{rel}","templated":true}]}}