{"id":11797,"date":"2018-01-12T20:21:41","date_gmt":"2018-01-12T20:21:41","guid":{"rendered":"http:\/\/enteculturalsantafesino.com.ar\/usina3\/?p=11797"},"modified":"2018-01-12T20:21:41","modified_gmt":"2018-01-12T20:21:41","slug":"maximo-paz-esta-de-fiesta-por-su-aniversario","status":"publish","type":"post","link":"http:\/\/enteculturalsantafesino.com.ar\/usina3\/2018\/01\/maximo-paz-esta-de-fiesta-por-su-aniversario\/","title":{"rendered":"M\u00e1ximo Paz est\u00e1 de fiesta por su aniversario"},"content":{"rendered":"<blockquote><p>La Fiesta Provincial de la Solidaridad se desarrollar\u00e1 entre s\u00e1bado y domingo, conmemorando los 128 a\u00f1os del pueblo.<\/p><\/blockquote>\n<p>M\u00e1ximo Paz celebrar\u00e1 su cumplea\u00f1os y la Fiesta Provincial de la Solidaridad durante este fin de semana. Los festejos se extender\u00e1n durante dos d\u00edas, contando con la presencia de artistas y artesanos locales y de la regi\u00f3n, y culminando con la elecci\u00f3n de la nueva Reina de la Solidaridad.<\/p>\n<p>Desde que M\u00e1ximo Paz fue declarada Capital Provincial de la Solidaridad (en 2010), la comunidad fusion\u00f3 dos celebraciones, la realizaci\u00f3n de la Fiesta Provincial de la Solidaridad y el festejo del cumplea\u00f1os del pueblo.<\/p>\n<p>&nbsp;<\/p>\n<p>Que M\u00e1ximo Paz sea la Capital de la Solidaridad tiene que ver con el funcionamiento del Banco Comunal de Sangre, del cual un buen n\u00famero de los habitantes son donantes, siendo el 100% de ellos voluntarios y repetitivos.<\/p>\n<p>En esta nueva edici\u00f3n, entre s\u00e1bado y domingo habr\u00e1 varias propuestas para toda la familia; ya se ha confirmado la llegada desde Uruguay de Alejandro Balbis y de Ladrones de Sonrisas. Tambi\u00e9n estar\u00e1 presente Cultura + Vos con sus carpas interactivas. Artesanos, cena show, elecci\u00f3n de la Embajadora de la Solidaridad, servicio de Buffet, stand de colectividades y muchas sorpresas m\u00e1s.<\/p>\n<p>+ INFO:\u00a0Facebook: Cultura Comuna De M\u00e1ximo Paz<\/p>\n<p>&nbsp;<\/p>\n<p>&nbsp;<\/p>\n","protected":false},"excerpt":{"rendered":"<p>La Fiesta Provincial de la Solidaridad se desarrollar\u00e1 entre s\u00e1bado y domingo, conmemorando los 128 a\u00f1os del [&hellip;]<\/p>\n","protected":false},"author":3,"featured_media":11798,"comment_status":"open","ping_status":"open","sticky":false,"template":"","format":"standard","meta":{"_jetpack_memberships_contains_paid_content":false,"footnotes":"","jetpack_publicize_message":"","jetpack_publicize_feature_enabled":true,"jetpack_social_post_already_shared":true,"jetpack_social_options":{"image_generator_settings":{"template":"highway","enabled":false}}},"categories":[32],"tags":[],"jetpack_publicize_connections":[],"jetpack_featured_media_url":"http:\/\/enteculturalsantafesino.com.ar\/usina3\/wp-content\/uploads\/2018\/01\/fiesta-solidaridad-650x433.jpg","jetpack_sharing_enabled":true,"_links":{"self":[{"href":"http:\/\/enteculturalsantafesino.com.ar\/usina3\/wp-json\/wp\/v2\/posts\/11797"}],"collection":[{"href":"http:\/\/enteculturalsantafesino.com.ar\/usina3\/wp-json\/wp\/v2\/posts"}],"about":[{"href":"http:\/\/enteculturalsantafesino.com.ar\/usina3\/wp-json\/wp\/v2\/types\/post"}],"author":[{"embeddable":true,"href":"http:\/\/enteculturalsantafesino.com.ar\/usina3\/wp-json\/wp\/v2\/users\/3"}],"replies":[{"embeddable":true,"href":"http:\/\/enteculturalsantafesino.com.ar\/usina3\/wp-json\/wp\/v2\/comments?post=11797"}],"version-history":[{"count":1,"href":"http:\/\/enteculturalsantafesino.com.ar\/usina3\/wp-json\/wp\/v2\/posts\/11797\/revisions"}],"predecessor-version":[{"id":11799,"href":"http:\/\/enteculturalsantafesino.com.ar\/usina3\/wp-json\/wp\/v2\/posts\/11797\/revisions\/11799"}],"wp:featuredmedia":[{"embeddable":true,"href":"http:\/\/enteculturalsantafesino.com.ar\/usina3\/wp-json\/wp\/v2\/media\/11798"}],"wp:attachment":[{"href":"http:\/\/enteculturalsantafesino.com.ar\/usina3\/wp-json\/wp\/v2\/media?parent=11797"}],"wp:term":[{"taxonomy":"category","embeddable":true,"href":"http:\/\/enteculturalsantafesino.com.ar\/usina3\/wp-json\/wp\/v2\/categories?post=11797"},{"taxonomy":"post_tag","embeddable":true,"href":"http:\/\/enteculturalsantafesino.com.ar\/usina3\/wp-json\/wp\/v2\/tags?post=11797"}],"curies":[{"name":"wp","href":"https:\/\/api.w.org\/{rel}","templated":true}]}}