{"id":12340,"date":"2018-09-02T23:10:47","date_gmt":"2018-09-02T23:10:47","guid":{"rendered":"http:\/\/enteculturalsantafesino.com.ar\/usina3\/?p=12340"},"modified":"2018-09-02T23:14:43","modified_gmt":"2018-09-02T23:14:43","slug":"llego-a-zavalla-el-campeon-santafesino-de-malambo-julian-dorthe","status":"publish","type":"post","link":"http:\/\/enteculturalsantafesino.com.ar\/usina3\/2018\/09\/llego-a-zavalla-el-campeon-santafesino-de-malambo-julian-dorthe\/","title":{"rendered":"Lleg\u00f3 a Zavalla el Campe\u00f3n Santafesino de Malambo, Julian Dorthe"},"content":{"rendered":"<p>A trav\u00e9s del auspicio de la\u00a0<strong>Diputada Provincial Claudia Giaccone<\/strong>\u00a0y en el marco del programa<strong>\u00a0\u201cCompartiendo Cultura\u201d\u00a0<\/strong>y del\u00a0<strong>10\u00b0 aniversario<\/strong>\u00a0del\u00a0<strong>Ente Cultural Santafesino<\/strong>\u00a0el joven oriundo de<strong>\u00a0Labordeboy\u00a0<\/strong>continua con su recorrido\u00a0junto al ciclo de talleres en distintas regiones de nuestra provincia.<\/p>\n<p>El\u00a0<strong>domingo 2 de septiembre<\/strong>\u00a0se desarroll\u00f3 en el\u00a0<strong>Gimnasio de AIAM<\/strong><em><strong>,\u00a0<\/strong><\/em>un nuevo Taller, con bailarines de las comunidades de: Zavalla, <em>Soldini y Chabas <\/em>bajo la coordinaci\u00f3n del <strong>Profesor David Zambrano <\/strong>y el <strong>Director de la<\/strong>\u00a0<strong>Usina III Hugo Paccioretti.<\/strong><\/p>\n<p>Durante la edici\u00f3n del Pre Laborde desarrollado en septiembre de 2017 en Zavalla,\u00a0<strong>Julian Dorthe<\/strong>, fue elegido ganador para representar a Santa Fe en el\u00a0<strong>Festival Nacional de Malambo<\/strong>, tras competir con otros diez folkloristas de lujo.<\/p>\n<p><em>Desde los siete a\u00f1os con su padre como profesor, se forma como malambista y ahora recibe nociones e instrucciones por parte de Hugo Moreyra.<\/em><\/p>\n<div dir=\"auto\">\n<p><em><strong>\u201cCompartiendo Cultura\u201d<\/strong><\/em><\/p>\n<\/div>\n<div dir=\"auto\">\n<p>Dicho programa que posee la finalidad de intercambiar e interaccionar propuestas art\u00edsticas pertenecientes a las comunidades que integran dicho espacio cultural; jerarquizando y promoviendo la red social, cultural y de inclusi\u00f3n de los m\u00faltiples artistas santafesinos.<\/p>\n<p><em>\u201cLas actividades culturales se multiplican y se potencian d\u00eda a d\u00eda, en una red fortalecida por el trabajo constante de los pueblos y ciudades juntos a sus artistas y Secretarias de Cultura, incrementando el convencimiento de este trabajo cooperativo, solidario y de inclusi\u00f3n que emerge con toda la fuerza proveniente del interior santafesino\u201d\u00a0<\/em><\/p>\n<\/div>\n","protected":false},"excerpt":{"rendered":"<p>A trav\u00e9s del auspicio de la\u00a0Diputada Provincial Claudia Giaccone\u00a0y en el marco del programa\u00a0\u201cCompartiendo Cultura\u201d\u00a0y del\u00a010\u00b0 aniversario\u00a0del\u00a0Ente [&hellip;]<\/p>\n","protected":false},"author":3,"featured_media":12341,"comment_status":"open","ping_status":"open","sticky":false,"template":"","format":"standard","meta":{"_jetpack_memberships_contains_paid_content":false,"footnotes":"","jetpack_publicize_message":"","jetpack_publicize_feature_enabled":true,"jetpack_social_post_already_shared":true,"jetpack_social_options":{"image_generator_settings":{"template":"highway","enabled":false}}},"categories":[4,25],"tags":[],"jetpack_publicize_connections":[],"jetpack_featured_media_url":"http:\/\/enteculturalsantafesino.com.ar\/usina3\/wp-content\/uploads\/2018\/09\/40803345_2377248715648741_8730120585079685120_n.jpg","jetpack_sharing_enabled":true,"_links":{"self":[{"href":"http:\/\/enteculturalsantafesino.com.ar\/usina3\/wp-json\/wp\/v2\/posts\/12340"}],"collection":[{"href":"http:\/\/enteculturalsantafesino.com.ar\/usina3\/wp-json\/wp\/v2\/posts"}],"about":[{"href":"http:\/\/enteculturalsantafesino.com.ar\/usina3\/wp-json\/wp\/v2\/types\/post"}],"author":[{"embeddable":true,"href":"http:\/\/enteculturalsantafesino.com.ar\/usina3\/wp-json\/wp\/v2\/users\/3"}],"replies":[{"embeddable":true,"href":"http:\/\/enteculturalsantafesino.com.ar\/usina3\/wp-json\/wp\/v2\/comments?post=12340"}],"version-history":[{"count":1,"href":"http:\/\/enteculturalsantafesino.com.ar\/usina3\/wp-json\/wp\/v2\/posts\/12340\/revisions"}],"predecessor-version":[{"id":12342,"href":"http:\/\/enteculturalsantafesino.com.ar\/usina3\/wp-json\/wp\/v2\/posts\/12340\/revisions\/12342"}],"wp:featuredmedia":[{"embeddable":true,"href":"http:\/\/enteculturalsantafesino.com.ar\/usina3\/wp-json\/wp\/v2\/media\/12341"}],"wp:attachment":[{"href":"http:\/\/enteculturalsantafesino.com.ar\/usina3\/wp-json\/wp\/v2\/media?parent=12340"}],"wp:term":[{"taxonomy":"category","embeddable":true,"href":"http:\/\/enteculturalsantafesino.com.ar\/usina3\/wp-json\/wp\/v2\/categories?post=12340"},{"taxonomy":"post_tag","embeddable":true,"href":"http:\/\/enteculturalsantafesino.com.ar\/usina3\/wp-json\/wp\/v2\/tags?post=12340"}],"curies":[{"name":"wp","href":"https:\/\/api.w.org\/{rel}","templated":true}]}}