{"id":12343,"date":"2018-09-07T23:13:28","date_gmt":"2018-09-07T23:13:28","guid":{"rendered":"http:\/\/enteculturalsantafesino.com.ar\/usina3\/?p=12343"},"modified":"2018-09-08T00:09:00","modified_gmt":"2018-09-08T00:09:00","slug":"el-cabildo-cultural-paso-por-maximo-paz-con-aromas-y-sabores-santafesinos","status":"publish","type":"post","link":"http:\/\/enteculturalsantafesino.com.ar\/usina3\/2018\/09\/el-cabildo-cultural-paso-por-maximo-paz-con-aromas-y-sabores-santafesinos\/","title":{"rendered":"El Cabildo Cultural pas\u00f3 por M\u00e1ximo Paz con aromas y sabores santafesinos"},"content":{"rendered":"\n\t\t<style type=\"text\/css\">\n\t\t\t#gallery-1 {\n\t\t\t\tmargin: auto;\n\t\t\t}\n\t\t\t#gallery-1 .gallery-item {\n\t\t\t\tfloat: left;\n\t\t\t\tmargin-top: 10px;\n\t\t\t\ttext-align: center;\n\t\t\t\twidth: 20%;\n\t\t\t}\n\t\t\t#gallery-1 img {\n\t\t\t\tborder: 2px solid #cfcfcf;\n\t\t\t}\n\t\t\t#gallery-1 .gallery-caption {\n\t\t\t\tmargin-left: 0;\n\t\t\t}\n\t\t\t\/* see gallery_shortcode() in wp-includes\/media.php *\/\n\t\t<\/style>\n\t\t<div id='gallery-1' class='gallery galleryid-12343 gallery-columns-5 gallery-size-thumbnail'><dl class='gallery-item'>\n\t\t\t<dt class='gallery-icon landscape'>\n\t\t\t\t<a href='http:\/\/enteculturalsantafesino.com.ar\/usina3\/2018\/09\/el-cabildo-cultural-paso-por-maximo-paz-con-aromas-y-sabores-santafesinos\/img_0496\/'><img loading=\"lazy\" decoding=\"async\" width=\"150\" height=\"150\" src=\"http:\/\/enteculturalsantafesino.com.ar\/usina3\/wp-content\/uploads\/2018\/09\/IMG_0496-150x150.jpg\" class=\"attachment-thumbnail size-thumbnail\" alt=\"\" srcset=\"http:\/\/enteculturalsantafesino.com.ar\/usina3\/wp-content\/uploads\/2018\/09\/IMG_0496-150x150.jpg 150w, http:\/\/enteculturalsantafesino.com.ar\/usina3\/wp-content\/uploads\/2018\/09\/IMG_0496-53x53.jpg 53w\" sizes=\"(max-width: 150px) 100vw, 150px\" \/><\/a>\n\t\t\t<\/dt><\/dl><dl class='gallery-item'>\n\t\t\t<dt class='gallery-icon landscape'>\n\t\t\t\t<a href='http:\/\/enteculturalsantafesino.com.ar\/usina3\/2018\/09\/el-cabildo-cultural-paso-por-maximo-paz-con-aromas-y-sabores-santafesinos\/img_0460\/'><img loading=\"lazy\" decoding=\"async\" width=\"150\" height=\"150\" src=\"http:\/\/enteculturalsantafesino.com.ar\/usina3\/wp-content\/uploads\/2018\/09\/IMG_0460-150x150.jpg\" class=\"attachment-thumbnail size-thumbnail\" alt=\"\" srcset=\"http:\/\/enteculturalsantafesino.com.ar\/usina3\/wp-content\/uploads\/2018\/09\/IMG_0460-150x150.jpg 150w, http:\/\/enteculturalsantafesino.com.ar\/usina3\/wp-content\/uploads\/2018\/09\/IMG_0460-53x53.jpg 53w\" sizes=\"(max-width: 150px) 100vw, 150px\" \/><\/a>\n\t\t\t<\/dt><\/dl><dl class='gallery-item'>\n\t\t\t<dt class='gallery-icon landscape'>\n\t\t\t\t<a href='http:\/\/enteculturalsantafesino.com.ar\/usina3\/2018\/09\/el-cabildo-cultural-paso-por-maximo-paz-con-aromas-y-sabores-santafesinos\/img_0454\/'><img loading=\"lazy\" decoding=\"async\" width=\"150\" height=\"150\" src=\"http:\/\/enteculturalsantafesino.com.ar\/usina3\/wp-content\/uploads\/2018\/09\/IMG_0454-150x150.jpg\" class=\"attachment-thumbnail size-thumbnail\" alt=\"\" srcset=\"http:\/\/enteculturalsantafesino.com.ar\/usina3\/wp-content\/uploads\/2018\/09\/IMG_0454-150x150.jpg 150w, http:\/\/enteculturalsantafesino.com.ar\/usina3\/wp-content\/uploads\/2018\/09\/IMG_0454-53x53.jpg 53w\" sizes=\"(max-width: 150px) 100vw, 150px\" \/><\/a>\n\t\t\t<\/dt><\/dl><dl class='gallery-item'>\n\t\t\t<dt class='gallery-icon landscape'>\n\t\t\t\t<a href='http:\/\/enteculturalsantafesino.com.ar\/usina3\/2018\/09\/el-cabildo-cultural-paso-por-maximo-paz-con-aromas-y-sabores-santafesinos\/img_0482\/'><img loading=\"lazy\" decoding=\"async\" width=\"150\" height=\"150\" src=\"http:\/\/enteculturalsantafesino.com.ar\/usina3\/wp-content\/uploads\/2018\/09\/IMG_0482-150x150.jpg\" class=\"attachment-thumbnail size-thumbnail\" alt=\"\" srcset=\"http:\/\/enteculturalsantafesino.com.ar\/usina3\/wp-content\/uploads\/2018\/09\/IMG_0482-150x150.jpg 150w, http:\/\/enteculturalsantafesino.com.ar\/usina3\/wp-content\/uploads\/2018\/09\/IMG_0482-53x53.jpg 53w\" sizes=\"(max-width: 150px) 100vw, 150px\" \/><\/a>\n\t\t\t<\/dt><\/dl><dl class='gallery-item'>\n\t\t\t<dt class='gallery-icon landscape'>\n\t\t\t\t<a href='http:\/\/enteculturalsantafesino.com.ar\/usina3\/2018\/09\/el-cabildo-cultural-paso-por-maximo-paz-con-aromas-y-sabores-santafesinos\/img_0474\/'><img loading=\"lazy\" decoding=\"async\" width=\"150\" height=\"150\" src=\"http:\/\/enteculturalsantafesino.com.ar\/usina3\/wp-content\/uploads\/2018\/09\/IMG_0474-150x150.jpg\" class=\"attachment-thumbnail size-thumbnail\" alt=\"\" srcset=\"http:\/\/enteculturalsantafesino.com.ar\/usina3\/wp-content\/uploads\/2018\/09\/IMG_0474-150x150.jpg 150w, http:\/\/enteculturalsantafesino.com.ar\/usina3\/wp-content\/uploads\/2018\/09\/IMG_0474-53x53.jpg 53w\" sizes=\"(max-width: 150px) 100vw, 150px\" \/><\/a>\n\t\t\t<\/dt><\/dl><br style=\"clear: both\" \/><dl class='gallery-item'>\n\t\t\t<dt class='gallery-icon landscape'>\n\t\t\t\t<a href='http:\/\/enteculturalsantafesino.com.ar\/usina3\/2018\/09\/el-cabildo-cultural-paso-por-maximo-paz-con-aromas-y-sabores-santafesinos\/img_0522\/'><img loading=\"lazy\" decoding=\"async\" width=\"150\" height=\"150\" src=\"http:\/\/enteculturalsantafesino.com.ar\/usina3\/wp-content\/uploads\/2018\/09\/IMG_0522-150x150.jpg\" class=\"attachment-thumbnail size-thumbnail\" alt=\"\" srcset=\"http:\/\/enteculturalsantafesino.com.ar\/usina3\/wp-content\/uploads\/2018\/09\/IMG_0522-150x150.jpg 150w, http:\/\/enteculturalsantafesino.com.ar\/usina3\/wp-content\/uploads\/2018\/09\/IMG_0522-53x53.jpg 53w\" sizes=\"(max-width: 150px) 100vw, 150px\" \/><\/a>\n\t\t\t<\/dt><\/dl><dl class='gallery-item'>\n\t\t\t<dt class='gallery-icon landscape'>\n\t\t\t\t<a href='http:\/\/enteculturalsantafesino.com.ar\/usina3\/2018\/09\/el-cabildo-cultural-paso-por-maximo-paz-con-aromas-y-sabores-santafesinos\/img_0515\/'><img loading=\"lazy\" decoding=\"async\" width=\"150\" height=\"150\" src=\"http:\/\/enteculturalsantafesino.com.ar\/usina3\/wp-content\/uploads\/2018\/09\/IMG_0515-150x150.jpg\" class=\"attachment-thumbnail size-thumbnail\" alt=\"\" srcset=\"http:\/\/enteculturalsantafesino.com.ar\/usina3\/wp-content\/uploads\/2018\/09\/IMG_0515-150x150.jpg 150w, http:\/\/enteculturalsantafesino.com.ar\/usina3\/wp-content\/uploads\/2018\/09\/IMG_0515-53x53.jpg 53w\" sizes=\"(max-width: 150px) 100vw, 150px\" \/><\/a>\n\t\t\t<\/dt><\/dl><dl class='gallery-item'>\n\t\t\t<dt class='gallery-icon landscape'>\n\t\t\t\t<a href='http:\/\/enteculturalsantafesino.com.ar\/usina3\/2018\/09\/el-cabildo-cultural-paso-por-maximo-paz-con-aromas-y-sabores-santafesinos\/img_0560\/'><img loading=\"lazy\" decoding=\"async\" width=\"150\" height=\"150\" src=\"http:\/\/enteculturalsantafesino.com.ar\/usina3\/wp-content\/uploads\/2018\/09\/IMG_0560-150x150.jpg\" class=\"attachment-thumbnail size-thumbnail\" alt=\"\" srcset=\"http:\/\/enteculturalsantafesino.com.ar\/usina3\/wp-content\/uploads\/2018\/09\/IMG_0560-150x150.jpg 150w, http:\/\/enteculturalsantafesino.com.ar\/usina3\/wp-content\/uploads\/2018\/09\/IMG_0560-53x53.jpg 53w\" sizes=\"(max-width: 150px) 100vw, 150px\" \/><\/a>\n\t\t\t<\/dt><\/dl><dl class='gallery-item'>\n\t\t\t<dt class='gallery-icon landscape'>\n\t\t\t\t<a href='http:\/\/enteculturalsantafesino.com.ar\/usina3\/2018\/09\/el-cabildo-cultural-paso-por-maximo-paz-con-aromas-y-sabores-santafesinos\/img_0516\/'><img loading=\"lazy\" decoding=\"async\" width=\"150\" height=\"150\" src=\"http:\/\/enteculturalsantafesino.com.ar\/usina3\/wp-content\/uploads\/2018\/09\/IMG_0516-150x150.jpg\" class=\"attachment-thumbnail size-thumbnail\" alt=\"\" srcset=\"http:\/\/enteculturalsantafesino.com.ar\/usina3\/wp-content\/uploads\/2018\/09\/IMG_0516-150x150.jpg 150w, http:\/\/enteculturalsantafesino.com.ar\/usina3\/wp-content\/uploads\/2018\/09\/IMG_0516-53x53.jpg 53w\" sizes=\"(max-width: 150px) 100vw, 150px\" \/><\/a>\n\t\t\t<\/dt><\/dl><dl class='gallery-item'>\n\t\t\t<dt class='gallery-icon landscape'>\n\t\t\t\t<a href='http:\/\/enteculturalsantafesino.com.ar\/usina3\/2018\/09\/el-cabildo-cultural-paso-por-maximo-paz-con-aromas-y-sabores-santafesinos\/img_0513\/'><img loading=\"lazy\" decoding=\"async\" width=\"150\" height=\"150\" src=\"http:\/\/enteculturalsantafesino.com.ar\/usina3\/wp-content\/uploads\/2018\/09\/IMG_0513-150x150.jpg\" class=\"attachment-thumbnail size-thumbnail\" alt=\"\" srcset=\"http:\/\/enteculturalsantafesino.com.ar\/usina3\/wp-content\/uploads\/2018\/09\/IMG_0513-150x150.jpg 150w, http:\/\/enteculturalsantafesino.com.ar\/usina3\/wp-content\/uploads\/2018\/09\/IMG_0513-53x53.jpg 53w\" sizes=\"(max-width: 150px) 100vw, 150px\" \/><\/a>\n\t\t\t<\/dt><\/dl><br style=\"clear: both\" \/>\n\t\t<\/div>\n\n<p>El <strong>Cabildo Cultural Santafesino 2018<\/strong> \u2013organizado por el <strong>Ente Cultural Santafesino<\/strong>&#8211; sigue su camino cubriendo todas las regiones de la provincia de Santa Fe. Con su tem\u00e1tica basada en <strong>\u201cElaboraci\u00f3n, Fiestas Regionales y Degustaci\u00f3n de Nuestras Comidas Santafesinas\u201d, <\/strong>se realiz\u00f3 el\u00a0<strong>6 de septiembre<\/strong> en\u00a0<strong>M\u00e1ximo Paz<\/strong>\u00a0(departamento Constituci\u00f3n).<\/p>\n<p>La <strong>plataforma Cultural \u201cEl conventillo\u201d<\/strong> fue el lugar elegido para realizar la 4\u00aa. estaci\u00f3n del <strong>Cabildo Cultural<\/strong>. El mismo cont\u00f3 con la presencia de la<em> Diputada Provincial Claudia Giaccone<\/em>, el <em>Presidente Comunal local Iv\u00e1n Camats; su colega de Villa Mugueta, Mar\u00eda Laura Mozzi y de Labordeboy, Bruno Iommi; el secretario de la comuna de M\u00e1ximo Paz, Ing. Agust\u00edn Codevilla; la vicepresidente comunal de Peyrano, Carla Vergano; las Secretarias de Cultura de Villa Mugueta, Hughes y Carreras, Alicia Palma, Silvia Bercovich y Marga Torrens<\/em> \u2013respectivamente-; y la referente del Ente Cultural Santafesino Usina III, Flavia Brillado.<\/p>\n<p>Participaron con sus especialidades los expositores: Sandra Giuliano (de Los Quirquinchos), Retac\u00eda \u2013licor de nuez- (de Peyrano), La Despensa de Tito y Elisa \u2013conservas de frutas y hortalizas-, y Araceli Matarazo y su almac\u00e9n (ambos de Wheelwright), el Centro de Alfabetizaci\u00f3n N\u00b0 279 (de M\u00e1ximo Paz), alfajores santafesino, empanadas y mermeladas (de Hughes); y se promovi\u00f3 la Fiesta del Lech\u00f3n a la Estaca, que se hace en marzo en Villa Mugueta.<\/p>\n<p>Durante el desarrollo del encuentro los asistentes pudieron adem\u00e1s disfrutar de la m\u00fasica de <strong>Maximiliano Regazzi<\/strong> y las danzas del <strong>Ballet Folcl\u00f3rico Regional\u00a0\u00abSe\u00f1ales\u00bb<\/strong>\u00a0que se gest\u00f3\u00a0en el\u00a0interior\u00a0del\u00a0<strong>Taller\u00a0de\u00a0Baile\u00a0de \u00abTramas\u00bb, del\u00a0Centro Educativo Terap\u00e9utico\u00a0de\u00a0M\u00e1ximo Paz.<\/strong><\/p>\n<p>En sus palabras el\u00a0 destac\u00f3 <em>\u201cel trabajo que de punta a punta de la provincia viene realizando la diputada Giaccone, en un incansable caminar todo el territorio\u201d. <\/em>Resaltando que<em> \u201cpara su comunidad es motivo de felicidad formar parte de aquellas que conforman el Ente Cultural Santafesino, que este a\u00f1o cumple 10 a\u00f1os trabajando para el crecimiento de la cultura de nuestras regiones santafesinas\u201d.<\/em><\/p>\n<p>La <strong>diputada provincial Claudia Giaccone<\/strong> auspicia el evento y se\u00f1al\u00f3 que: <em>\u201cEs preciso destacar la importancia que tiene que el Cabildo Cultural 2018 sea un camino que vaya resaltando los \u201csabores\u201d de cada una de las comunidades de Santa Fe\u201d, <\/em>expresa la legisladora.<em> \u201cLa comida es parte sustancial en la cultura de las distintas sociedad, y en nuestra provincia muchos pueblos celebran Fiestas Populares que las resaltan. Es parte de lo diverso que va constituyendo nuestra identidad, y trascendente el compartirlas con otros, para conocerlas, para disfrutarlas\u201d.<\/em><\/p>\n<p>Tambi\u00e9n Giaccone dej\u00f3 el anuncio de que en breve tiempo se presentar\u00e1 el<em> libro Aromas Santafesinos. \u201cQue no es solo un libro de recetas, ya que cada una de ellas vienen con una historia, con el relato de vivencias personales y familiares, con el recuerdo de los antepasados que las trajeron a estas tierras, o como parte que son del acervo que nos legaron los pueblos originarios\u201d.<\/em><\/p>\n<p>&nbsp;<\/p>\n<p>&nbsp;<\/p>\n","protected":false},"excerpt":{"rendered":"<p>El Cabildo Cultural Santafesino 2018 \u2013organizado por el Ente Cultural Santafesino&#8211; sigue su camino cubriendo todas las [&hellip;]<\/p>\n","protected":false},"author":3,"featured_media":12344,"comment_status":"open","ping_status":"open","sticky":false,"template":"","format":"standard","meta":{"_jetpack_memberships_contains_paid_content":false,"footnotes":"","jetpack_publicize_message":"","jetpack_publicize_feature_enabled":true,"jetpack_social_post_already_shared":true,"jetpack_social_options":{"image_generator_settings":{"template":"highway","enabled":false}}},"categories":[4,32],"tags":[],"jetpack_publicize_connections":[],"jetpack_featured_media_url":"http:\/\/enteculturalsantafesino.com.ar\/usina3\/wp-content\/uploads\/2018\/09\/IMG_0482.jpg","jetpack_sharing_enabled":true,"_links":{"self":[{"href":"http:\/\/enteculturalsantafesino.com.ar\/usina3\/wp-json\/wp\/v2\/posts\/12343"}],"collection":[{"href":"http:\/\/enteculturalsantafesino.com.ar\/usina3\/wp-json\/wp\/v2\/posts"}],"about":[{"href":"http:\/\/enteculturalsantafesino.com.ar\/usina3\/wp-json\/wp\/v2\/types\/post"}],"author":[{"embeddable":true,"href":"http:\/\/enteculturalsantafesino.com.ar\/usina3\/wp-json\/wp\/v2\/users\/3"}],"replies":[{"embeddable":true,"href":"http:\/\/enteculturalsantafesino.com.ar\/usina3\/wp-json\/wp\/v2\/comments?post=12343"}],"version-history":[{"count":3,"href":"http:\/\/enteculturalsantafesino.com.ar\/usina3\/wp-json\/wp\/v2\/posts\/12343\/revisions"}],"predecessor-version":[{"id":12356,"href":"http:\/\/enteculturalsantafesino.com.ar\/usina3\/wp-json\/wp\/v2\/posts\/12343\/revisions\/12356"}],"wp:featuredmedia":[{"embeddable":true,"href":"http:\/\/enteculturalsantafesino.com.ar\/usina3\/wp-json\/wp\/v2\/media\/12344"}],"wp:attachment":[{"href":"http:\/\/enteculturalsantafesino.com.ar\/usina3\/wp-json\/wp\/v2\/media?parent=12343"}],"wp:term":[{"taxonomy":"category","embeddable":true,"href":"http:\/\/enteculturalsantafesino.com.ar\/usina3\/wp-json\/wp\/v2\/categories?post=12343"},{"taxonomy":"post_tag","embeddable":true,"href":"http:\/\/enteculturalsantafesino.com.ar\/usina3\/wp-json\/wp\/v2\/tags?post=12343"}],"curies":[{"name":"wp","href":"https:\/\/api.w.org\/{rel}","templated":true}]}}