{"id":12618,"date":"2019-02-20T12:20:02","date_gmt":"2019-02-20T12:20:02","guid":{"rendered":"http:\/\/enteculturalsantafesino.com.ar\/usina3\/?p=12618"},"modified":"2019-02-20T12:20:07","modified_gmt":"2019-02-20T12:20:07","slug":"vivo-aca-el-festival-de-los-artistas-de-arroyo-seco","status":"publish","type":"post","link":"http:\/\/enteculturalsantafesino.com.ar\/usina3\/2019\/02\/vivo-aca-el-festival-de-los-artistas-de-arroyo-seco\/","title":{"rendered":"\u00abVivo Ac\u00e1\u00bb el Festival de los Artistas de Arroyo Seco"},"content":{"rendered":"\n<p>El pr\u00f3ximo domingo 24 de febrero, en el Anfiteatro Municipal, se desarrollar\u00e1 la primera jornada de \u00abVivo Ac\u00e1\u00bb, un Festival colmado en su totalidad por shows a cargo de los artistas de nuestra localidad.<\/p>\n\n\n\n<p>Durante varios domingos consecutivos a este inicio el 24 de febrero, si el tiempo lo permite, se realizar\u00e1 esta actividad en el Anfiteatro Municipal a partir de las 19:30hs, congregando a todos los artistas y bandas de la&nbsp;ciudad, quienes participar\u00e1n de estas jornadas propuestas por la Municipalidad de Arroyo Seco desde la Secretar\u00eda de Cultura, Deportes y Educaci\u00f3n. Rock, Tango, Folklore, Cumbia y todos los g\u00e9neros en sus distintas expresiones, ser\u00e1n expuestos por los m\u00fasicos y bailarines \u00abde ac\u00e1\u00bb, bajo una puesta en escena de luces y muy buen sonido.<\/p>\n\n\n\n<p>Adem\u00e1s, habr\u00e1 Servicio de Buffet y Paseo de Artesanos conformado por micro &#8211; emprendedores de la ciudad y la regi\u00f3n, participando como siempre de estos festivales organizados por la Gesti\u00f3n.<\/p>\n\n\n\n<p>Consecuentemente, estas jornadas de festejos junto a nuestros artistas, es tambi\u00e9n una forma de amalgamar a los vecinos con sus familias y amigos en un espacio muy lindo y pintoresco como lo es el Anfiteatro Municipal, con su escenario y su predio, conformando as\u00ed un gran marco para que todos puedan disfrutarlo.<\/p>\n","protected":false},"excerpt":{"rendered":"<p>El pr\u00f3ximo domingo 24 de febrero, en el Anfiteatro Municipal, se desarrollar\u00e1 la primera jornada de \u00abVivo [&hellip;]<\/p>\n","protected":false},"author":3,"featured_media":12619,"comment_status":"open","ping_status":"open","sticky":false,"template":"","format":"standard","meta":{"_jetpack_memberships_contains_paid_content":false,"footnotes":"","jetpack_publicize_message":"","jetpack_publicize_feature_enabled":true,"jetpack_social_post_already_shared":true,"jetpack_social_options":{"image_generator_settings":{"template":"highway","enabled":false}}},"categories":[19],"tags":[],"jetpack_publicize_connections":[],"jetpack_featured_media_url":"http:\/\/enteculturalsantafesino.com.ar\/usina3\/wp-content\/uploads\/2019\/02\/52641256_2099578820079257_7232158815414648832_n.jpg","jetpack_sharing_enabled":true,"_links":{"self":[{"href":"http:\/\/enteculturalsantafesino.com.ar\/usina3\/wp-json\/wp\/v2\/posts\/12618"}],"collection":[{"href":"http:\/\/enteculturalsantafesino.com.ar\/usina3\/wp-json\/wp\/v2\/posts"}],"about":[{"href":"http:\/\/enteculturalsantafesino.com.ar\/usina3\/wp-json\/wp\/v2\/types\/post"}],"author":[{"embeddable":true,"href":"http:\/\/enteculturalsantafesino.com.ar\/usina3\/wp-json\/wp\/v2\/users\/3"}],"replies":[{"embeddable":true,"href":"http:\/\/enteculturalsantafesino.com.ar\/usina3\/wp-json\/wp\/v2\/comments?post=12618"}],"version-history":[{"count":1,"href":"http:\/\/enteculturalsantafesino.com.ar\/usina3\/wp-json\/wp\/v2\/posts\/12618\/revisions"}],"predecessor-version":[{"id":12620,"href":"http:\/\/enteculturalsantafesino.com.ar\/usina3\/wp-json\/wp\/v2\/posts\/12618\/revisions\/12620"}],"wp:featuredmedia":[{"embeddable":true,"href":"http:\/\/enteculturalsantafesino.com.ar\/usina3\/wp-json\/wp\/v2\/media\/12619"}],"wp:attachment":[{"href":"http:\/\/enteculturalsantafesino.com.ar\/usina3\/wp-json\/wp\/v2\/media?parent=12618"}],"wp:term":[{"taxonomy":"category","embeddable":true,"href":"http:\/\/enteculturalsantafesino.com.ar\/usina3\/wp-json\/wp\/v2\/categories?post=12618"},{"taxonomy":"post_tag","embeddable":true,"href":"http:\/\/enteculturalsantafesino.com.ar\/usina3\/wp-json\/wp\/v2\/tags?post=12618"}],"curies":[{"name":"wp","href":"https:\/\/api.w.org\/{rel}","templated":true}]}}