{"id":12621,"date":"2019-02-20T12:26:29","date_gmt":"2019-02-20T12:26:29","guid":{"rendered":"http:\/\/enteculturalsantafesino.com.ar\/usina3\/?p=12621"},"modified":"2019-02-20T12:26:34","modified_gmt":"2019-02-20T12:26:34","slug":"cine-movil-en-villa-mugueta","status":"publish","type":"post","link":"http:\/\/enteculturalsantafesino.com.ar\/usina3\/2019\/02\/cine-movil-en-villa-mugueta\/","title":{"rendered":"Cine M\u00f3vil en Villa Mugueta"},"content":{"rendered":"\n<p>\n\nLa presidente comunal de Villa Mugueta, Mar\u00eda Laura Mozzi, brind\u00f3 detalles del cine m\u00f3vil que ofrecer\u00e1 tres pel\u00edculas diarias durante tres semanas.<br>\u201cSon para todas las edades y para todos los gustos, adem\u00e1s se firm\u00f3 un convenio con el INCAA por eso hay cine argentino que permite promover la cultura nacional a trav\u00e9s del cine. La gente lo tom\u00f3 muy bien, est\u00e1 muy agradecida que no se espera encontrarse con esas comodidades, butacas, aire acondicionado y sonido envolvente\u201d, dijo Mar\u00eda Laura Mozzi.\n\n<\/p>\n","protected":false},"excerpt":{"rendered":"<p>La presidente comunal de Villa Mugueta, Mar\u00eda Laura Mozzi, brind\u00f3 detalles del cine m\u00f3vil que ofrecer\u00e1 tres [&hellip;]<\/p>\n","protected":false},"author":3,"featured_media":12622,"comment_status":"open","ping_status":"open","sticky":false,"template":"","format":"standard","meta":{"_jetpack_memberships_contains_paid_content":false,"footnotes":"","jetpack_publicize_message":"","jetpack_publicize_feature_enabled":true,"jetpack_social_post_already_shared":true,"jetpack_social_options":{"image_generator_settings":{"template":"highway","enabled":false}}},"categories":[27],"tags":[],"jetpack_publicize_connections":[],"jetpack_featured_media_url":"http:\/\/enteculturalsantafesino.com.ar\/usina3\/wp-content\/uploads\/2019\/02\/51228000_748148285556221_8299346772724023296_o.jpg","jetpack_sharing_enabled":true,"_links":{"self":[{"href":"http:\/\/enteculturalsantafesino.com.ar\/usina3\/wp-json\/wp\/v2\/posts\/12621"}],"collection":[{"href":"http:\/\/enteculturalsantafesino.com.ar\/usina3\/wp-json\/wp\/v2\/posts"}],"about":[{"href":"http:\/\/enteculturalsantafesino.com.ar\/usina3\/wp-json\/wp\/v2\/types\/post"}],"author":[{"embeddable":true,"href":"http:\/\/enteculturalsantafesino.com.ar\/usina3\/wp-json\/wp\/v2\/users\/3"}],"replies":[{"embeddable":true,"href":"http:\/\/enteculturalsantafesino.com.ar\/usina3\/wp-json\/wp\/v2\/comments?post=12621"}],"version-history":[{"count":1,"href":"http:\/\/enteculturalsantafesino.com.ar\/usina3\/wp-json\/wp\/v2\/posts\/12621\/revisions"}],"predecessor-version":[{"id":12623,"href":"http:\/\/enteculturalsantafesino.com.ar\/usina3\/wp-json\/wp\/v2\/posts\/12621\/revisions\/12623"}],"wp:featuredmedia":[{"embeddable":true,"href":"http:\/\/enteculturalsantafesino.com.ar\/usina3\/wp-json\/wp\/v2\/media\/12622"}],"wp:attachment":[{"href":"http:\/\/enteculturalsantafesino.com.ar\/usina3\/wp-json\/wp\/v2\/media?parent=12621"}],"wp:term":[{"taxonomy":"category","embeddable":true,"href":"http:\/\/enteculturalsantafesino.com.ar\/usina3\/wp-json\/wp\/v2\/categories?post=12621"},{"taxonomy":"post_tag","embeddable":true,"href":"http:\/\/enteculturalsantafesino.com.ar\/usina3\/wp-json\/wp\/v2\/tags?post=12621"}],"curies":[{"name":"wp","href":"https:\/\/api.w.org\/{rel}","templated":true}]}}