{"id":12624,"date":"2019-02-20T12:41:44","date_gmt":"2019-02-20T12:41:44","guid":{"rendered":"http:\/\/enteculturalsantafesino.com.ar\/usina3\/?p=12624"},"modified":"2019-02-20T12:41:49","modified_gmt":"2019-02-20T12:41:49","slug":"godeken-vivio-su-noche-de-carnaval","status":"publish","type":"post","link":"http:\/\/enteculturalsantafesino.com.ar\/usina3\/2019\/02\/godeken-vivio-su-noche-de-carnaval\/","title":{"rendered":"G\u00f6deken vivi\u00f3 su noche de Carnaval"},"content":{"rendered":"\n<p> Ya pasaron los Carnavales de G\u00f6deken con un \u00e9xito maravilloso , donde brill\u00f3 \u00abSol Naciente\u00bb la comparsa local.<\/p>\n\n\n\n<p>G\u00f6deken vivi\u00f3 un fin de semana espectacular , el tiempo acompa\u00f1\u00f3 junto a los vecinos del depto Caseros  y de la regi\u00f3n. <\/p>\n\n\n\n<p>El a\u00f1o inici\u00f3 con mucha alegr\u00eda y felicidad. La Comuna local agradece a las organizadoras de la Comparsa, a su Directora, a los ni\u00f1os , j\u00f3venes y adultos que participaron , a las familias y los que pusieron el alma para armar las carrozas. Tambi\u00e9n a los que organizaron desde los espect\u00e1culos hasta el predio , la seguridad y la puesta en escena. Q<\/p>\n","protected":false},"excerpt":{"rendered":"<p>Ya pasaron los Carnavales de G\u00f6deken con un \u00e9xito maravilloso , donde brill\u00f3 \u00abSol Naciente\u00bb la comparsa [&hellip;]<\/p>\n","protected":false},"author":3,"featured_media":12625,"comment_status":"open","ping_status":"open","sticky":false,"template":"","format":"standard","meta":{"_jetpack_memberships_contains_paid_content":false,"footnotes":"","jetpack_publicize_message":"","jetpack_publicize_feature_enabled":true,"jetpack_social_post_already_shared":true,"jetpack_social_options":{"image_generator_settings":{"template":"highway","enabled":false}}},"categories":[12],"tags":[],"jetpack_publicize_connections":[],"jetpack_featured_media_url":"http:\/\/enteculturalsantafesino.com.ar\/usina3\/wp-content\/uploads\/2019\/02\/52373461_2210104375907437_6222456534345973760_n.jpg","jetpack_sharing_enabled":true,"_links":{"self":[{"href":"http:\/\/enteculturalsantafesino.com.ar\/usina3\/wp-json\/wp\/v2\/posts\/12624"}],"collection":[{"href":"http:\/\/enteculturalsantafesino.com.ar\/usina3\/wp-json\/wp\/v2\/posts"}],"about":[{"href":"http:\/\/enteculturalsantafesino.com.ar\/usina3\/wp-json\/wp\/v2\/types\/post"}],"author":[{"embeddable":true,"href":"http:\/\/enteculturalsantafesino.com.ar\/usina3\/wp-json\/wp\/v2\/users\/3"}],"replies":[{"embeddable":true,"href":"http:\/\/enteculturalsantafesino.com.ar\/usina3\/wp-json\/wp\/v2\/comments?post=12624"}],"version-history":[{"count":1,"href":"http:\/\/enteculturalsantafesino.com.ar\/usina3\/wp-json\/wp\/v2\/posts\/12624\/revisions"}],"predecessor-version":[{"id":12626,"href":"http:\/\/enteculturalsantafesino.com.ar\/usina3\/wp-json\/wp\/v2\/posts\/12624\/revisions\/12626"}],"wp:featuredmedia":[{"embeddable":true,"href":"http:\/\/enteculturalsantafesino.com.ar\/usina3\/wp-json\/wp\/v2\/media\/12625"}],"wp:attachment":[{"href":"http:\/\/enteculturalsantafesino.com.ar\/usina3\/wp-json\/wp\/v2\/media?parent=12624"}],"wp:term":[{"taxonomy":"category","embeddable":true,"href":"http:\/\/enteculturalsantafesino.com.ar\/usina3\/wp-json\/wp\/v2\/categories?post=12624"},{"taxonomy":"post_tag","embeddable":true,"href":"http:\/\/enteculturalsantafesino.com.ar\/usina3\/wp-json\/wp\/v2\/tags?post=12624"}],"curies":[{"name":"wp","href":"https:\/\/api.w.org\/{rel}","templated":true}]}}