{"id":12627,"date":"2019-02-28T20:17:42","date_gmt":"2019-02-28T20:17:42","guid":{"rendered":"http:\/\/enteculturalsantafesino.com.ar\/usina3\/?p=12627"},"modified":"2019-02-28T20:17:48","modified_gmt":"2019-02-28T20:17:48","slug":"rufino-se-inauguro-la-muestra-de-jorge-rajadell","status":"publish","type":"post","link":"http:\/\/enteculturalsantafesino.com.ar\/usina3\/2019\/02\/rufino-se-inauguro-la-muestra-de-jorge-rajadell\/","title":{"rendered":"Rufino: Se inaugur\u00f3 la Muestra de Jorge Rajadell"},"content":{"rendered":"\n<p>El pasado viernes se present\u00f3 la muestra \u201cRetratos Salvajes\u201d de Jorge Rajadell. El artista rufinense exhibi\u00f3 8 obras in\u00e9ditas en el Club Social Rufino y participaron de dicho evento la Secretaria de Control y Fiscalizaci\u00f3n, Gisela Reinoso y el Responsable del \u00c1rea de Cultura y Educaci\u00f3n, Rub\u00e9n Iriarte.<\/p>\n\n\n\n<p>En la oportunidad brindaron un show Cecilia Medero y Jorge Morales y la muestra cont\u00f3 con el auspicio de la Municipalidad de Rufino, en el marco de los festejos de los 130 a\u00f1os de la fundaci\u00f3n de Rufino y 90 a\u00f1os como ciudad.<\/p>\n\n\n\n<p>La exposici\u00f3n permaneci\u00f3 abierta al p\u00fablico con entrada libre y gratuita durante todo el fin de semana para que los vecinos de la ciudad la pudieran conocer y valorar el arte de un gran pintor rufinenese. Felicitamos a Jorge por esta muestra y lo alentamos a seguir contribuyendo d\u00eda a d\u00eda en la cultura de la ciudad.<\/p>\n","protected":false},"excerpt":{"rendered":"<p>El pasado viernes se present\u00f3 la muestra \u201cRetratos Salvajes\u201d de Jorge Rajadell. El artista rufinense exhibi\u00f3 8 [&hellip;]<\/p>\n","protected":false},"author":3,"featured_media":12628,"comment_status":"open","ping_status":"open","sticky":false,"template":"","format":"standard","meta":{"_jetpack_memberships_contains_paid_content":false,"footnotes":"","jetpack_publicize_message":"","jetpack_publicize_feature_enabled":true,"jetpack_social_post_already_shared":true,"jetpack_social_options":{"image_generator_settings":{"template":"highway","enabled":false}}},"categories":[37],"tags":[],"jetpack_publicize_connections":[],"jetpack_featured_media_url":"http:\/\/enteculturalsantafesino.com.ar\/usina3\/wp-content\/uploads\/2019\/02\/52829714_2436347269773776_5123044180444053504_n.jpg","jetpack_sharing_enabled":true,"_links":{"self":[{"href":"http:\/\/enteculturalsantafesino.com.ar\/usina3\/wp-json\/wp\/v2\/posts\/12627"}],"collection":[{"href":"http:\/\/enteculturalsantafesino.com.ar\/usina3\/wp-json\/wp\/v2\/posts"}],"about":[{"href":"http:\/\/enteculturalsantafesino.com.ar\/usina3\/wp-json\/wp\/v2\/types\/post"}],"author":[{"embeddable":true,"href":"http:\/\/enteculturalsantafesino.com.ar\/usina3\/wp-json\/wp\/v2\/users\/3"}],"replies":[{"embeddable":true,"href":"http:\/\/enteculturalsantafesino.com.ar\/usina3\/wp-json\/wp\/v2\/comments?post=12627"}],"version-history":[{"count":1,"href":"http:\/\/enteculturalsantafesino.com.ar\/usina3\/wp-json\/wp\/v2\/posts\/12627\/revisions"}],"predecessor-version":[{"id":12629,"href":"http:\/\/enteculturalsantafesino.com.ar\/usina3\/wp-json\/wp\/v2\/posts\/12627\/revisions\/12629"}],"wp:featuredmedia":[{"embeddable":true,"href":"http:\/\/enteculturalsantafesino.com.ar\/usina3\/wp-json\/wp\/v2\/media\/12628"}],"wp:attachment":[{"href":"http:\/\/enteculturalsantafesino.com.ar\/usina3\/wp-json\/wp\/v2\/media?parent=12627"}],"wp:term":[{"taxonomy":"category","embeddable":true,"href":"http:\/\/enteculturalsantafesino.com.ar\/usina3\/wp-json\/wp\/v2\/categories?post=12627"},{"taxonomy":"post_tag","embeddable":true,"href":"http:\/\/enteculturalsantafesino.com.ar\/usina3\/wp-json\/wp\/v2\/tags?post=12627"}],"curies":[{"name":"wp","href":"https:\/\/api.w.org\/{rel}","templated":true}]}}