{"id":12630,"date":"2019-02-28T20:20:29","date_gmt":"2019-02-28T20:20:29","guid":{"rendered":"http:\/\/enteculturalsantafesino.com.ar\/usina3\/?p=12630"},"modified":"2019-02-28T20:20:31","modified_gmt":"2019-02-28T20:20:31","slug":"inscripcion-a-cursos-y-talleres-en-arroyo-seco","status":"publish","type":"post","link":"http:\/\/enteculturalsantafesino.com.ar\/usina3\/2019\/02\/inscripcion-a-cursos-y-talleres-en-arroyo-seco\/","title":{"rendered":"Inscripci\u00f3n a Cursos y Talleres en Arroyo Seco"},"content":{"rendered":"\n<p>Con el aval del Gobierno Municipal desde la Secretar\u00eda de Cultura, Deportes y Educaci\u00f3n, a partir de hoy se encuentra abierta la inscripci\u00f3n a los Talleres del Centro Cultural y los Talleres Barriales.<\/p>\n\n\n\n<p>Para formar parte de las actividades de manera gratuita los vecinos deben acercarse al Centro Cultural Guillermo Furlong de lunes a viernes, de 07:30 a 12:30hs, o comunicarse al n\u00famero 03402 &#8211; 426790.<\/p>\n","protected":false},"excerpt":{"rendered":"<p>Con el aval del Gobierno Municipal desde la Secretar\u00eda de Cultura, Deportes y Educaci\u00f3n, a partir de [&hellip;]<\/p>\n","protected":false},"author":3,"featured_media":12631,"comment_status":"open","ping_status":"open","sticky":false,"template":"","format":"standard","meta":{"_jetpack_memberships_contains_paid_content":false,"footnotes":"","jetpack_publicize_message":"","jetpack_publicize_feature_enabled":true,"jetpack_social_post_already_shared":true,"jetpack_social_options":{"image_generator_settings":{"template":"highway","enabled":false}}},"categories":[19],"tags":[],"jetpack_publicize_connections":[],"jetpack_featured_media_url":"http:\/\/enteculturalsantafesino.com.ar\/usina3\/wp-content\/uploads\/2019\/02\/52650547_2109649709072168_7503975686281887744_n.jpg","jetpack_sharing_enabled":true,"_links":{"self":[{"href":"http:\/\/enteculturalsantafesino.com.ar\/usina3\/wp-json\/wp\/v2\/posts\/12630"}],"collection":[{"href":"http:\/\/enteculturalsantafesino.com.ar\/usina3\/wp-json\/wp\/v2\/posts"}],"about":[{"href":"http:\/\/enteculturalsantafesino.com.ar\/usina3\/wp-json\/wp\/v2\/types\/post"}],"author":[{"embeddable":true,"href":"http:\/\/enteculturalsantafesino.com.ar\/usina3\/wp-json\/wp\/v2\/users\/3"}],"replies":[{"embeddable":true,"href":"http:\/\/enteculturalsantafesino.com.ar\/usina3\/wp-json\/wp\/v2\/comments?post=12630"}],"version-history":[{"count":1,"href":"http:\/\/enteculturalsantafesino.com.ar\/usina3\/wp-json\/wp\/v2\/posts\/12630\/revisions"}],"predecessor-version":[{"id":12632,"href":"http:\/\/enteculturalsantafesino.com.ar\/usina3\/wp-json\/wp\/v2\/posts\/12630\/revisions\/12632"}],"wp:featuredmedia":[{"embeddable":true,"href":"http:\/\/enteculturalsantafesino.com.ar\/usina3\/wp-json\/wp\/v2\/media\/12631"}],"wp:attachment":[{"href":"http:\/\/enteculturalsantafesino.com.ar\/usina3\/wp-json\/wp\/v2\/media?parent=12630"}],"wp:term":[{"taxonomy":"category","embeddable":true,"href":"http:\/\/enteculturalsantafesino.com.ar\/usina3\/wp-json\/wp\/v2\/categories?post=12630"},{"taxonomy":"post_tag","embeddable":true,"href":"http:\/\/enteculturalsantafesino.com.ar\/usina3\/wp-json\/wp\/v2\/tags?post=12630"}],"curies":[{"name":"wp","href":"https:\/\/api.w.org\/{rel}","templated":true}]}}