{"id":13079,"date":"2019-11-22T13:57:03","date_gmt":"2019-11-22T13:57:03","guid":{"rendered":"http:\/\/enteculturalsantafesino.com.ar\/usina3\/?p=13079"},"modified":"2019-11-22T13:57:09","modified_gmt":"2019-11-22T13:57:09","slug":"se-hicieron-entrega-de-los-premios-del-concurso-hacelo-corto","status":"publish","type":"post","link":"http:\/\/enteculturalsantafesino.com.ar\/usina3\/2019\/11\/se-hicieron-entrega-de-los-premios-del-concurso-hacelo-corto\/","title":{"rendered":"Se hicieron entrega de los Premios del Concurso \u00abHacelo Corto\u00bb"},"content":{"rendered":"\n<ul class=\"wp-block-gallery columns-5 is-cropped wp-block-gallery-1 is-layout-flex wp-block-gallery-is-layout-flex\"><li class=\"blocks-gallery-item\"><figure><img loading=\"lazy\" decoding=\"async\" width=\"900\" height=\"600\" src=\"http:\/\/enteculturalsantafesino.com.ar\/usina3\/wp-content\/uploads\/2019\/11\/75521580_1320729018108239_301829015704961024_n.jpg\" alt=\"\" data-id=\"13082\" data-link=\"http:\/\/enteculturalsantafesino.com.ar\/usina3\/?attachment_id=13082\" class=\"wp-image-13082\" srcset=\"http:\/\/enteculturalsantafesino.com.ar\/usina3\/wp-content\/uploads\/2019\/11\/75521580_1320729018108239_301829015704961024_n.jpg 900w, http:\/\/enteculturalsantafesino.com.ar\/usina3\/wp-content\/uploads\/2019\/11\/75521580_1320729018108239_301829015704961024_n-300x200.jpg 300w, http:\/\/enteculturalsantafesino.com.ar\/usina3\/wp-content\/uploads\/2019\/11\/75521580_1320729018108239_301829015704961024_n-768x512.jpg 768w, http:\/\/enteculturalsantafesino.com.ar\/usina3\/wp-content\/uploads\/2019\/11\/75521580_1320729018108239_301829015704961024_n-589x392.jpg 589w\" sizes=\"(max-width: 900px) 100vw, 900px\" \/><\/figure><\/li><li class=\"blocks-gallery-item\"><figure><img loading=\"lazy\" decoding=\"async\" width=\"900\" height=\"600\" src=\"http:\/\/enteculturalsantafesino.com.ar\/usina3\/wp-content\/uploads\/2019\/11\/73322415_860664364348559_8838229490355142656_n.jpg\" alt=\"\" data-id=\"13081\" data-link=\"http:\/\/enteculturalsantafesino.com.ar\/usina3\/?attachment_id=13081\" class=\"wp-image-13081\" srcset=\"http:\/\/enteculturalsantafesino.com.ar\/usina3\/wp-content\/uploads\/2019\/11\/73322415_860664364348559_8838229490355142656_n.jpg 900w, http:\/\/enteculturalsantafesino.com.ar\/usina3\/wp-content\/uploads\/2019\/11\/73322415_860664364348559_8838229490355142656_n-300x200.jpg 300w, http:\/\/enteculturalsantafesino.com.ar\/usina3\/wp-content\/uploads\/2019\/11\/73322415_860664364348559_8838229490355142656_n-768x512.jpg 768w, http:\/\/enteculturalsantafesino.com.ar\/usina3\/wp-content\/uploads\/2019\/11\/73322415_860664364348559_8838229490355142656_n-589x392.jpg 589w\" sizes=\"(max-width: 900px) 100vw, 900px\" \/><\/figure><\/li><li class=\"blocks-gallery-item\"><figure><img loading=\"lazy\" decoding=\"async\" width=\"900\" height=\"600\" src=\"http:\/\/enteculturalsantafesino.com.ar\/usina3\/wp-content\/uploads\/2019\/11\/77214206_1334392226735451_9143399376436068352_n.jpg\" alt=\"\" data-id=\"13083\" data-link=\"http:\/\/enteculturalsantafesino.com.ar\/usina3\/?attachment_id=13083\" class=\"wp-image-13083\" srcset=\"http:\/\/enteculturalsantafesino.com.ar\/usina3\/wp-content\/uploads\/2019\/11\/77214206_1334392226735451_9143399376436068352_n.jpg 900w, http:\/\/enteculturalsantafesino.com.ar\/usina3\/wp-content\/uploads\/2019\/11\/77214206_1334392226735451_9143399376436068352_n-300x200.jpg 300w, http:\/\/enteculturalsantafesino.com.ar\/usina3\/wp-content\/uploads\/2019\/11\/77214206_1334392226735451_9143399376436068352_n-768x512.jpg 768w, http:\/\/enteculturalsantafesino.com.ar\/usina3\/wp-content\/uploads\/2019\/11\/77214206_1334392226735451_9143399376436068352_n-589x392.jpg 589w\" sizes=\"(max-width: 900px) 100vw, 900px\" \/><\/figure><\/li><li class=\"blocks-gallery-item\"><figure><img loading=\"lazy\" decoding=\"async\" width=\"900\" height=\"600\" src=\"http:\/\/enteculturalsantafesino.com.ar\/usina3\/wp-content\/uploads\/2019\/11\/78196861_435482360450695_9160527336645328896_n.jpg\" alt=\"\" data-id=\"13084\" data-link=\"http:\/\/enteculturalsantafesino.com.ar\/usina3\/?attachment_id=13084\" class=\"wp-image-13084\" srcset=\"http:\/\/enteculturalsantafesino.com.ar\/usina3\/wp-content\/uploads\/2019\/11\/78196861_435482360450695_9160527336645328896_n.jpg 900w, http:\/\/enteculturalsantafesino.com.ar\/usina3\/wp-content\/uploads\/2019\/11\/78196861_435482360450695_9160527336645328896_n-300x200.jpg 300w, http:\/\/enteculturalsantafesino.com.ar\/usina3\/wp-content\/uploads\/2019\/11\/78196861_435482360450695_9160527336645328896_n-768x512.jpg 768w, http:\/\/enteculturalsantafesino.com.ar\/usina3\/wp-content\/uploads\/2019\/11\/78196861_435482360450695_9160527336645328896_n-589x392.jpg 589w\" sizes=\"(max-width: 900px) 100vw, 900px\" \/><\/figure><\/li><li class=\"blocks-gallery-item\"><figure><img loading=\"lazy\" decoding=\"async\" width=\"960\" height=\"640\" src=\"http:\/\/enteculturalsantafesino.com.ar\/usina3\/wp-content\/uploads\/2019\/11\/74161349_435114257414439_8029629256101265408_n.jpg\" alt=\"\" data-id=\"13080\" data-link=\"http:\/\/enteculturalsantafesino.com.ar\/usina3\/?attachment_id=13080\" class=\"wp-image-13080\" srcset=\"http:\/\/enteculturalsantafesino.com.ar\/usina3\/wp-content\/uploads\/2019\/11\/74161349_435114257414439_8029629256101265408_n.jpg 960w, http:\/\/enteculturalsantafesino.com.ar\/usina3\/wp-content\/uploads\/2019\/11\/74161349_435114257414439_8029629256101265408_n-300x200.jpg 300w, http:\/\/enteculturalsantafesino.com.ar\/usina3\/wp-content\/uploads\/2019\/11\/74161349_435114257414439_8029629256101265408_n-768x512.jpg 768w, http:\/\/enteculturalsantafesino.com.ar\/usina3\/wp-content\/uploads\/2019\/11\/74161349_435114257414439_8029629256101265408_n-589x392.jpg 589w\" sizes=\"(max-width: 960px) 100vw, 960px\" \/><\/figure><\/li><\/ul>\n\n\n\n<p>En el marco de la <strong>\u00abFiesta de los Pueblos\u00bb<\/strong> desarrollada el \u00faltimo <strong>lunes 18 <\/strong>en la ciudad de <strong>Rosario<\/strong> se hicieron entrega de los premios y menciones de la<strong>\u00a06ta edici\u00f3n<\/strong>\u00a0del Concurso de Cortometrajes denominado\u00a0<strong>\u00abHacelo Corto\u00bb\u00a0<\/strong><\/p>\n\n\n\n<p>Organizado por el\u00a0<strong>Ente Cultural Santafesino<\/strong>\u00a0y auspiciado por la\u00a0<strong>Diputada Provincial Claudia Giaccone<\/strong>\u00a0dicha iniciativa tiene como finalidad seguir promoviendo e instalando esta innovadora propuesta a lo largo y ancho de toda la provincia mediante la implementaci\u00f3n de producciones audiovisuales, generando la interacci\u00f3n y exploraci\u00f3n de m\u00faltiples manifestaciones e industrias culturales.<\/p>\n\n\n\n<p><em>Participaron en total 22 cortometrajes de distintos puntos geogr\u00e1ficos, siendo seleccionados por el jurado los siguientes trabajos en las distintas categor\u00edas:<\/em><\/p>\n\n\n\n<p><strong><em>Escuelas:<\/em><\/strong><\/p>\n\n\n\n<p><strong>1\u00b0 Premio<\/strong><\/p>\n\n\n\n<p><strong>Escuela Especial de Formaci\u00f3n Integral N\u00ba 2092&nbsp; \u00abDra. Eda Josefina&nbsp; Canals de Julia\u00bb- Rufino<\/strong><\/p>\n\n\n\n<p><strong>T\u00edtulo:&nbsp;<\/strong>\u201cYo puedo ser un S\u00faper H\u00e9roe\u00bb<\/p>\n\n\n\n<p><strong><em>Primera Menci\u00f3n<\/em><\/strong><\/p>\n\n\n\n<p><strong>Colegio Santa Marta (EESOPI&nbsp; N\u00ba 8153) -Pilar<\/strong><\/p>\n\n\n\n<p><strong>T\u00edtulo:&nbsp;<\/strong>&nbsp;\u201cMomentos\u201d<\/p>\n\n\n\n<p><strong><em>Independiente:<\/em><\/strong><\/p>\n\n\n\n<p><strong>1\u00b0 Premio<\/strong><\/p>\n\n\n\n<p><strong>Enzo D. Rosli<\/strong>&nbsp;\/<strong>&nbsp;Centro de D\u00eda San Teodoro \u2013 Rufino<\/strong><\/p>\n\n\n\n<p><strong>T\u00edtulo:&nbsp;<\/strong>\u201cYo quiero, yo puedo\u201d<\/p>\n","protected":false},"excerpt":{"rendered":"<p>En el marco de la \u00abFiesta de los Pueblos\u00bb desarrollada el \u00faltimo lunes 18 en la ciudad [&hellip;]<\/p>\n","protected":false},"author":3,"featured_media":13080,"comment_status":"open","ping_status":"open","sticky":false,"template":"","format":"standard","meta":{"_jetpack_memberships_contains_paid_content":false,"footnotes":"","jetpack_publicize_message":"","jetpack_publicize_feature_enabled":true,"jetpack_social_post_already_shared":true,"jetpack_social_options":{"image_generator_settings":{"template":"highway","enabled":false}}},"categories":[4],"tags":[],"jetpack_publicize_connections":[],"jetpack_featured_media_url":"http:\/\/enteculturalsantafesino.com.ar\/usina3\/wp-content\/uploads\/2019\/11\/74161349_435114257414439_8029629256101265408_n.jpg","jetpack_sharing_enabled":true,"_links":{"self":[{"href":"http:\/\/enteculturalsantafesino.com.ar\/usina3\/wp-json\/wp\/v2\/posts\/13079"}],"collection":[{"href":"http:\/\/enteculturalsantafesino.com.ar\/usina3\/wp-json\/wp\/v2\/posts"}],"about":[{"href":"http:\/\/enteculturalsantafesino.com.ar\/usina3\/wp-json\/wp\/v2\/types\/post"}],"author":[{"embeddable":true,"href":"http:\/\/enteculturalsantafesino.com.ar\/usina3\/wp-json\/wp\/v2\/users\/3"}],"replies":[{"embeddable":true,"href":"http:\/\/enteculturalsantafesino.com.ar\/usina3\/wp-json\/wp\/v2\/comments?post=13079"}],"version-history":[{"count":1,"href":"http:\/\/enteculturalsantafesino.com.ar\/usina3\/wp-json\/wp\/v2\/posts\/13079\/revisions"}],"predecessor-version":[{"id":13085,"href":"http:\/\/enteculturalsantafesino.com.ar\/usina3\/wp-json\/wp\/v2\/posts\/13079\/revisions\/13085"}],"wp:featuredmedia":[{"embeddable":true,"href":"http:\/\/enteculturalsantafesino.com.ar\/usina3\/wp-json\/wp\/v2\/media\/13080"}],"wp:attachment":[{"href":"http:\/\/enteculturalsantafesino.com.ar\/usina3\/wp-json\/wp\/v2\/media?parent=13079"}],"wp:term":[{"taxonomy":"category","embeddable":true,"href":"http:\/\/enteculturalsantafesino.com.ar\/usina3\/wp-json\/wp\/v2\/categories?post=13079"},{"taxonomy":"post_tag","embeddable":true,"href":"http:\/\/enteculturalsantafesino.com.ar\/usina3\/wp-json\/wp\/v2\/tags?post=13079"}],"curies":[{"name":"wp","href":"https:\/\/api.w.org\/{rel}","templated":true}]}}