{"id":13104,"date":"2019-12-09T12:25:27","date_gmt":"2019-12-09T12:25:27","guid":{"rendered":"http:\/\/enteculturalsantafesino.com.ar\/usina3\/?p=13104"},"modified":"2019-12-09T12:25:35","modified_gmt":"2019-12-09T12:25:35","slug":"fighiera-velada-artistica-de-los-cursos-y-talleres-2019","status":"publish","type":"post","link":"http:\/\/enteculturalsantafesino.com.ar\/usina3\/2019\/12\/fighiera-velada-artistica-de-los-cursos-y-talleres-2019\/","title":{"rendered":"Fighiera: Velada art\u00edstica de los Cursos y Talleres 2019"},"content":{"rendered":"\n<p>Con una plaza llena y una gran fiesta, se realiz\u00f3 la velada de cierre lectivo de los cursos y talleres del Polideportivo de la Comuna de Fighiera.<\/p>\n\n\n\n<p>La Comuna local felicita a cada alumno y profesor que hicieron posible una gran noche en la plaza p\u00fablica donde posteriormente, entre todos, se encendieron las luces de nuestro gran \u00e1rbol navide\u00f1o.<\/p>\n\n\n\n<p>Desde temprano los ni\u00f1os entregaron sus cartas a Pap\u00e1 Noel. Y luego pasaron por el escenario los diferentes cursos del Polideportivo e Instituciones del pueblo. Tambi\u00e9n hubo stand de artesanos y un gran buffet a cargo de alumnos de 4\u00b0 A\u00f1o de la Escuela Secundar\u00eda.<\/p>\n\n\n\n<p>El<strong> presidente comunal Rodolfo Stangoni <\/strong>resalt\u00f3 el apoyo <em>en estos seis a\u00f1os al valor cultural y deportivo de la localidad y anticip\u00f3 redoblar este acompa\u00f1amiento en el nuevo per\u00edodo. <\/em><\/p>\n","protected":false},"excerpt":{"rendered":"<p>Con una plaza llena y una gran fiesta, se realiz\u00f3 la velada de cierre lectivo de los [&hellip;]<\/p>\n","protected":false},"author":3,"featured_media":13105,"comment_status":"open","ping_status":"open","sticky":false,"template":"","format":"standard","meta":{"_jetpack_memberships_contains_paid_content":false,"footnotes":"","jetpack_publicize_message":"","jetpack_publicize_feature_enabled":true,"jetpack_social_post_already_shared":true,"jetpack_social_options":{"image_generator_settings":{"template":"highway","enabled":false}}},"categories":[44],"tags":[],"jetpack_publicize_connections":[],"jetpack_featured_media_url":"http:\/\/enteculturalsantafesino.com.ar\/usina3\/wp-content\/uploads\/2019\/12\/79878532_777599802745967_2060413893427068928_n.jpg","jetpack_sharing_enabled":true,"_links":{"self":[{"href":"http:\/\/enteculturalsantafesino.com.ar\/usina3\/wp-json\/wp\/v2\/posts\/13104"}],"collection":[{"href":"http:\/\/enteculturalsantafesino.com.ar\/usina3\/wp-json\/wp\/v2\/posts"}],"about":[{"href":"http:\/\/enteculturalsantafesino.com.ar\/usina3\/wp-json\/wp\/v2\/types\/post"}],"author":[{"embeddable":true,"href":"http:\/\/enteculturalsantafesino.com.ar\/usina3\/wp-json\/wp\/v2\/users\/3"}],"replies":[{"embeddable":true,"href":"http:\/\/enteculturalsantafesino.com.ar\/usina3\/wp-json\/wp\/v2\/comments?post=13104"}],"version-history":[{"count":1,"href":"http:\/\/enteculturalsantafesino.com.ar\/usina3\/wp-json\/wp\/v2\/posts\/13104\/revisions"}],"predecessor-version":[{"id":13106,"href":"http:\/\/enteculturalsantafesino.com.ar\/usina3\/wp-json\/wp\/v2\/posts\/13104\/revisions\/13106"}],"wp:featuredmedia":[{"embeddable":true,"href":"http:\/\/enteculturalsantafesino.com.ar\/usina3\/wp-json\/wp\/v2\/media\/13105"}],"wp:attachment":[{"href":"http:\/\/enteculturalsantafesino.com.ar\/usina3\/wp-json\/wp\/v2\/media?parent=13104"}],"wp:term":[{"taxonomy":"category","embeddable":true,"href":"http:\/\/enteculturalsantafesino.com.ar\/usina3\/wp-json\/wp\/v2\/categories?post=13104"},{"taxonomy":"post_tag","embeddable":true,"href":"http:\/\/enteculturalsantafesino.com.ar\/usina3\/wp-json\/wp\/v2\/tags?post=13104"}],"curies":[{"name":"wp","href":"https:\/\/api.w.org\/{rel}","templated":true}]}}