{"id":13115,"date":"2019-12-14T21:53:55","date_gmt":"2019-12-14T21:53:55","guid":{"rendered":"http:\/\/enteculturalsantafesino.com.ar\/usina3\/?p=13115"},"modified":"2019-12-14T21:54:01","modified_gmt":"2019-12-14T21:54:01","slug":"un-concierto-inolvidable-en-maximo-paz","status":"publish","type":"post","link":"http:\/\/enteculturalsantafesino.com.ar\/usina3\/2019\/12\/un-concierto-inolvidable-en-maximo-paz\/","title":{"rendered":"Un Concierto inolvidable en M\u00e1ximo Paz"},"content":{"rendered":"\n<p>Misa Criolla y Navidad Nuestra un espect\u00e1culo Sinf\u00f3nico y Coral presentado en M\u00e1ximo Paz.<\/p>\n\n\n\n<p>Se presentaron el marco de este gran show, con una amplia convocatoria, el grupo de Canto \u00abA Cara Lavada\u00bb, M\u00fasicos de la Sinf\u00f3nica Prov. de Santa Fe, Coral de Los Arroyos, Coro Comunal de Santa Teresa y la Orquesta del Centro de la ciudad de Bs. As.<\/p>\n","protected":false},"excerpt":{"rendered":"<p>Misa Criolla y Navidad Nuestra un espect\u00e1culo Sinf\u00f3nico y Coral presentado en M\u00e1ximo Paz. Se presentaron el [&hellip;]<\/p>\n","protected":false},"author":3,"featured_media":13116,"comment_status":"open","ping_status":"open","sticky":false,"template":"","format":"standard","meta":{"_jetpack_memberships_contains_paid_content":false,"footnotes":"","jetpack_publicize_message":"","jetpack_publicize_feature_enabled":true,"jetpack_social_post_already_shared":true,"jetpack_social_options":{"image_generator_settings":{"template":"highway","enabled":false}}},"categories":[32],"tags":[],"jetpack_publicize_connections":[],"jetpack_featured_media_url":"http:\/\/enteculturalsantafesino.com.ar\/usina3\/wp-content\/uploads\/2019\/12\/78490517_2442208932699284_883938418801770496_o.jpg","jetpack_sharing_enabled":true,"_links":{"self":[{"href":"http:\/\/enteculturalsantafesino.com.ar\/usina3\/wp-json\/wp\/v2\/posts\/13115"}],"collection":[{"href":"http:\/\/enteculturalsantafesino.com.ar\/usina3\/wp-json\/wp\/v2\/posts"}],"about":[{"href":"http:\/\/enteculturalsantafesino.com.ar\/usina3\/wp-json\/wp\/v2\/types\/post"}],"author":[{"embeddable":true,"href":"http:\/\/enteculturalsantafesino.com.ar\/usina3\/wp-json\/wp\/v2\/users\/3"}],"replies":[{"embeddable":true,"href":"http:\/\/enteculturalsantafesino.com.ar\/usina3\/wp-json\/wp\/v2\/comments?post=13115"}],"version-history":[{"count":1,"href":"http:\/\/enteculturalsantafesino.com.ar\/usina3\/wp-json\/wp\/v2\/posts\/13115\/revisions"}],"predecessor-version":[{"id":13117,"href":"http:\/\/enteculturalsantafesino.com.ar\/usina3\/wp-json\/wp\/v2\/posts\/13115\/revisions\/13117"}],"wp:featuredmedia":[{"embeddable":true,"href":"http:\/\/enteculturalsantafesino.com.ar\/usina3\/wp-json\/wp\/v2\/media\/13116"}],"wp:attachment":[{"href":"http:\/\/enteculturalsantafesino.com.ar\/usina3\/wp-json\/wp\/v2\/media?parent=13115"}],"wp:term":[{"taxonomy":"category","embeddable":true,"href":"http:\/\/enteculturalsantafesino.com.ar\/usina3\/wp-json\/wp\/v2\/categories?post=13115"},{"taxonomy":"post_tag","embeddable":true,"href":"http:\/\/enteculturalsantafesino.com.ar\/usina3\/wp-json\/wp\/v2\/tags?post=13115"}],"curies":[{"name":"wp","href":"https:\/\/api.w.org\/{rel}","templated":true}]}}