{"id":13179,"date":"2020-02-10T00:16:22","date_gmt":"2020-02-10T00:16:22","guid":{"rendered":"http:\/\/enteculturalsantafesino.com.ar\/usina3\/?p=13179"},"modified":"2020-02-10T00:16:28","modified_gmt":"2020-02-10T00:16:28","slug":"el-ministro-de-defensa-agustin-rossi-recibio-al-ente-cultural-santafesino","status":"publish","type":"post","link":"http:\/\/enteculturalsantafesino.com.ar\/usina3\/2020\/02\/el-ministro-de-defensa-agustin-rossi-recibio-al-ente-cultural-santafesino\/","title":{"rendered":"El Ministro de Defensa Agust\u00edn Rossi recibi\u00f3 al Ente Cultural Santafesino"},"content":{"rendered":"\n<p>En la sede del <strong>Ministerio de Defensa de la Naci\u00f3n <\/strong>el<strong> Ministro Agust\u00edn Rossi<\/strong> recibi\u00f3 al <strong>Presidente del Ente Cultural Santafesino Franco Pietrani <\/strong>y a los <strong>Secretarios de Cultura de Mar\u00eda Susana<\/strong> <strong>Leonardo Carroza <\/strong>y <strong>Franco De Cristofano de Arroyo Seco.<\/strong><\/p>\n\n\n\n<p>El mandatario nacional puso a disposici\u00f3n a su equipo de trabajo en gesti\u00f3n\ncultural, con la finalidad de desarrollar una agenda en conjunto, coordinando distintos\nprogramas y acciones enmarcadas en&nbsp; el\nterritorio santafesino.<\/p>\n\n\n\n<figure class=\"wp-block-image size-large\"><img loading=\"lazy\" decoding=\"async\" width=\"768\" height=\"576\" src=\"http:\/\/enteculturalsantafesino.com.ar\/usina3\/wp-content\/uploads\/2020\/02\/84093625_2472200499697424_8717001190862225408_n.jpg\" alt=\"\" class=\"wp-image-13180\" srcset=\"http:\/\/enteculturalsantafesino.com.ar\/usina3\/wp-content\/uploads\/2020\/02\/84093625_2472200499697424_8717001190862225408_n.jpg 768w, http:\/\/enteculturalsantafesino.com.ar\/usina3\/wp-content\/uploads\/2020\/02\/84093625_2472200499697424_8717001190862225408_n-300x225.jpg 300w\" sizes=\"(max-width: 768px) 100vw, 768px\" \/><\/figure>\n\n\n\n<p>El <strong>Presidente del Ente Cultural Franco Pietrani<\/strong>, manifest\u00f3 su agradecimiento al Ministro de Defensa por su apertura y disponibilidad inmediata, brindando una interesante jornada de trabajo con el prop\u00f3sito de&nbsp;articular pol\u00edticas culturales gestadas desde su Ministerio.<\/p>\n\n\n\n<p><em>La Cultura como herramienta transformadora se constituye en uno de los mecanismos m\u00e1s adecuados para fomentar el nuevo rol de las Fuerzas Armadas en la sociedad argentina. Desde el trabajo en red llevado a cabo por el Ente Cultural Santafesino se buscar\u00e1 articular y fomentar todo el potencial de dicha cartera nacional.<\/em><\/p>\n","protected":false},"excerpt":{"rendered":"<p>En la sede del Ministerio de Defensa de la Naci\u00f3n el Ministro Agust\u00edn Rossi recibi\u00f3 al Presidente [&hellip;]<\/p>\n","protected":false},"author":3,"featured_media":13181,"comment_status":"open","ping_status":"open","sticky":false,"template":"","format":"standard","meta":{"_jetpack_memberships_contains_paid_content":false,"footnotes":"","jetpack_publicize_message":"","jetpack_publicize_feature_enabled":true,"jetpack_social_post_already_shared":true,"jetpack_social_options":{"image_generator_settings":{"template":"highway","enabled":false}}},"categories":[4],"tags":[],"jetpack_publicize_connections":[],"jetpack_featured_media_url":"http:\/\/enteculturalsantafesino.com.ar\/usina3\/wp-content\/uploads\/2020\/02\/84297512_180428623055182_6363759901822418944_n.jpg","jetpack_sharing_enabled":true,"_links":{"self":[{"href":"http:\/\/enteculturalsantafesino.com.ar\/usina3\/wp-json\/wp\/v2\/posts\/13179"}],"collection":[{"href":"http:\/\/enteculturalsantafesino.com.ar\/usina3\/wp-json\/wp\/v2\/posts"}],"about":[{"href":"http:\/\/enteculturalsantafesino.com.ar\/usina3\/wp-json\/wp\/v2\/types\/post"}],"author":[{"embeddable":true,"href":"http:\/\/enteculturalsantafesino.com.ar\/usina3\/wp-json\/wp\/v2\/users\/3"}],"replies":[{"embeddable":true,"href":"http:\/\/enteculturalsantafesino.com.ar\/usina3\/wp-json\/wp\/v2\/comments?post=13179"}],"version-history":[{"count":2,"href":"http:\/\/enteculturalsantafesino.com.ar\/usina3\/wp-json\/wp\/v2\/posts\/13179\/revisions"}],"predecessor-version":[{"id":13183,"href":"http:\/\/enteculturalsantafesino.com.ar\/usina3\/wp-json\/wp\/v2\/posts\/13179\/revisions\/13183"}],"wp:featuredmedia":[{"embeddable":true,"href":"http:\/\/enteculturalsantafesino.com.ar\/usina3\/wp-json\/wp\/v2\/media\/13181"}],"wp:attachment":[{"href":"http:\/\/enteculturalsantafesino.com.ar\/usina3\/wp-json\/wp\/v2\/media?parent=13179"}],"wp:term":[{"taxonomy":"category","embeddable":true,"href":"http:\/\/enteculturalsantafesino.com.ar\/usina3\/wp-json\/wp\/v2\/categories?post=13179"},{"taxonomy":"post_tag","embeddable":true,"href":"http:\/\/enteculturalsantafesino.com.ar\/usina3\/wp-json\/wp\/v2\/tags?post=13179"}],"curies":[{"name":"wp","href":"https:\/\/api.w.org\/{rel}","templated":true}]}}