{"id":13184,"date":"2020-02-12T18:10:07","date_gmt":"2020-02-12T18:10:07","guid":{"rendered":"http:\/\/enteculturalsantafesino.com.ar\/usina3\/?p=13184"},"modified":"2020-02-12T18:10:17","modified_gmt":"2020-02-12T18:10:17","slug":"la-secretaria-de-cultura-de-rosario-se-reunio-con-integrantes-del-ente-cultural-santafesino","status":"publish","type":"post","link":"http:\/\/enteculturalsantafesino.com.ar\/usina3\/2020\/02\/la-secretaria-de-cultura-de-rosario-se-reunio-con-integrantes-del-ente-cultural-santafesino\/","title":{"rendered":"La Secretaria de Cultura de Rosario se reuni\u00f3 con integrantes del Ente Cultural Santafesino"},"content":{"rendered":"\n<p>Durante la ma\u00f1ana del <strong>mi\u00e9rcoles 12 <\/strong>en la sede de la <strong>Secretaria de Cultura <\/strong>de la ciudad de <strong>Rosario<\/strong> el <strong>Presidente del Ente Cultural Santafesino Franco Pietrani<\/strong> junto al <strong>Secretario de Cultura de Arroyo Seco Franco De Cristofano <\/strong>y el <strong>Director de la Usina III (sur) Julian Dorthe<\/strong> se reunieron con la <strong>Secretaria de Cultura y Educaci\u00f3n de la Municipalidad de Rosario Profesora Carina Cabo<\/strong><\/p>\n\n\n\n<p>Dicho encuentro tuvo el objetivo de articular y llevar a cabo gestiones y actividades conjuntas en todo el territorio provincial, poniendo a disposici\u00f3n la red cultural integrada por m\u00e1s de un centenar de comunidades.<\/p>\n\n\n\n<p><em>\u00abLa ciudad de Rosario cuenta con un amplio abanico de propuestas y acciones culturales, las cuales deben salir y desarrollarse en cada una de las Usinas Culturales de nuestro Ente Cultural Santafesino\u00bb<\/em>, se\u00f1al\u00f3 Pietrani<\/p>\n\n\n\n<p><strong><em>\u00abRosario debe transformarse en un proveedor cultural directo generando kil\u00f3metros de cultura en las distintas regiones santafesinas\u00bb<\/em><\/strong>, finaliz\u00f3 el Presidente del Ente Cultural Santafesino.<\/p>\n\n\n\n<p>Por su parte la mandataria municipal se interes\u00f3 e involucr\u00f3 en el trabajo desarrollado durante estos a\u00f1os con el Ente Cultural Santafesino, manifestando su inter\u00e9s; poni\u00e9ndose a disposici\u00f3n para llevar adelante agendas en com\u00fan mediante el programa \u00abCompartiendo Cultura\u00bb.<\/p>\n\n\n\n<p><em><strong>\u201cCompartiendo Cultura\u201d<\/strong><\/em><\/p>\n\n\n\n<p>Dicho programa que posee la finalidad de intercambiar e interaccionar propuestas art\u00edsticas pertenecientes a las comunidades que integran dicho espacio cultural; jerarquizando y promoviendo la red social, cultural y de inclusi\u00f3n de los m\u00faltiples artistas santafesinos.<\/p>\n\n\n\n<p><em>\u201cLas actividades culturales se multiplican y se potencian d\u00eda a d\u00eda, en una red fortalecida por el trabajo constante de los pueblos y ciudades juntos a sus artistas y Secretarias de Cultura, incrementando el convencimiento de este trabajo cooperativo, solidario y de inclusi\u00f3n que emerge con toda la fuerza proveniente del interior santafesino\u201d&nbsp;<\/em><\/p>\n\n\n\n<p> <\/p>\n","protected":false},"excerpt":{"rendered":"<p>Durante la ma\u00f1ana del mi\u00e9rcoles 12 en la sede de la Secretaria de Cultura de la ciudad [&hellip;]<\/p>\n","protected":false},"author":3,"featured_media":13185,"comment_status":"open","ping_status":"open","sticky":false,"template":"","format":"standard","meta":{"_jetpack_memberships_contains_paid_content":false,"footnotes":"","jetpack_publicize_message":"","jetpack_publicize_feature_enabled":true,"jetpack_social_post_already_shared":true,"jetpack_social_options":{"image_generator_settings":{"template":"highway","enabled":false}}},"categories":[4],"tags":[],"jetpack_publicize_connections":[],"jetpack_featured_media_url":"http:\/\/enteculturalsantafesino.com.ar\/usina3\/wp-content\/uploads\/2020\/02\/86403052_592385601342217_208421727649136640_n.jpg","jetpack_sharing_enabled":true,"_links":{"self":[{"href":"http:\/\/enteculturalsantafesino.com.ar\/usina3\/wp-json\/wp\/v2\/posts\/13184"}],"collection":[{"href":"http:\/\/enteculturalsantafesino.com.ar\/usina3\/wp-json\/wp\/v2\/posts"}],"about":[{"href":"http:\/\/enteculturalsantafesino.com.ar\/usina3\/wp-json\/wp\/v2\/types\/post"}],"author":[{"embeddable":true,"href":"http:\/\/enteculturalsantafesino.com.ar\/usina3\/wp-json\/wp\/v2\/users\/3"}],"replies":[{"embeddable":true,"href":"http:\/\/enteculturalsantafesino.com.ar\/usina3\/wp-json\/wp\/v2\/comments?post=13184"}],"version-history":[{"count":1,"href":"http:\/\/enteculturalsantafesino.com.ar\/usina3\/wp-json\/wp\/v2\/posts\/13184\/revisions"}],"predecessor-version":[{"id":13186,"href":"http:\/\/enteculturalsantafesino.com.ar\/usina3\/wp-json\/wp\/v2\/posts\/13184\/revisions\/13186"}],"wp:featuredmedia":[{"embeddable":true,"href":"http:\/\/enteculturalsantafesino.com.ar\/usina3\/wp-json\/wp\/v2\/media\/13185"}],"wp:attachment":[{"href":"http:\/\/enteculturalsantafesino.com.ar\/usina3\/wp-json\/wp\/v2\/media?parent=13184"}],"wp:term":[{"taxonomy":"category","embeddable":true,"href":"http:\/\/enteculturalsantafesino.com.ar\/usina3\/wp-json\/wp\/v2\/categories?post=13184"},{"taxonomy":"post_tag","embeddable":true,"href":"http:\/\/enteculturalsantafesino.com.ar\/usina3\/wp-json\/wp\/v2\/tags?post=13184"}],"curies":[{"name":"wp","href":"https:\/\/api.w.org\/{rel}","templated":true}]}}