{"id":13191,"date":"2020-02-17T01:16:51","date_gmt":"2020-02-17T01:16:51","guid":{"rendered":"http:\/\/enteculturalsantafesino.com.ar\/usina3\/?p=13191"},"modified":"2020-02-17T01:17:56","modified_gmt":"2020-02-17T01:17:56","slug":"la-ciudad-de-arroyo-seco-tuvo-su-noche-de-peatonal","status":"publish","type":"post","link":"http:\/\/enteculturalsantafesino.com.ar\/usina3\/2020\/02\/la-ciudad-de-arroyo-seco-tuvo-su-noche-de-peatonal\/","title":{"rendered":"La ciudad de Arroyo Seco tuvo su noche de peatonal"},"content":{"rendered":"\n<p>Con una gran adhesi\u00f3n los arroyenses se volcaron a la emblem\u00e1tica calle San Mart\u00edn.<\/p>\n\n\n\n<p>El cap\u00edtulo, que promete ser repetido, se produjo el \u00faltimo s\u00e1bado. Las amenazas de lluvia y la noche fresquita no impidieron que los vecinos puedan disfrutar de los bares y propuestas gastron\u00f3micas que tiene la ciudad.<\/p>\n\n\n\n<p>\u00abGracias a la iniciativa de nuestro Gobierno Municipal encabezado por el Intendente Nizar Esper, ayer se efectu\u00f3 en el centro de nuestra querida ciudad un &lt;Paseo Peatonal&gt; contando con una gran cantidad de familias, que disfrutaron de esta propuesta impulsada por nuestra gesti\u00f3n partiendo desde la Direcci\u00f3n de Producci\u00f3n, bajo el auspicio del Banco Credicoop y la invitaci\u00f3n del Centro Comercial\u00bb, indicaron desde la Municipalidad.<\/p>\n\n\n\n<p>La actividad, agrup\u00f3 a miles de vecinos y vecinas sobre la calle San Mart\u00edn, desde Mitre hasta Sarmiento, recorriendo sectores gastron\u00f3micos, empresariales, comerciales, de emprendedores y artesanos, sumado a shows de artistas locales, enmarcando una gran feria peatonal y movida cultural en pleno centro.<\/p>\n\n\n\n<p><strong>Fuente: 341 Media<\/strong><\/p>\n","protected":false},"excerpt":{"rendered":"<p>Con una gran adhesi\u00f3n los arroyenses se volcaron a la emblem\u00e1tica calle San Mart\u00edn. El cap\u00edtulo, que [&hellip;]<\/p>\n","protected":false},"author":3,"featured_media":13192,"comment_status":"open","ping_status":"open","sticky":false,"template":"","format":"standard","meta":{"_jetpack_memberships_contains_paid_content":false,"footnotes":"","jetpack_publicize_message":"","jetpack_publicize_feature_enabled":true,"jetpack_social_post_already_shared":true,"jetpack_social_options":{"image_generator_settings":{"template":"highway","enabled":false}}},"categories":[19],"tags":[],"jetpack_publicize_connections":[],"jetpack_featured_media_url":"http:\/\/enteculturalsantafesino.com.ar\/usina3\/wp-content\/uploads\/2020\/02\/85138540_2746395428730923_4709085036203212800_n-780x405-1.jpg","jetpack_sharing_enabled":true,"_links":{"self":[{"href":"http:\/\/enteculturalsantafesino.com.ar\/usina3\/wp-json\/wp\/v2\/posts\/13191"}],"collection":[{"href":"http:\/\/enteculturalsantafesino.com.ar\/usina3\/wp-json\/wp\/v2\/posts"}],"about":[{"href":"http:\/\/enteculturalsantafesino.com.ar\/usina3\/wp-json\/wp\/v2\/types\/post"}],"author":[{"embeddable":true,"href":"http:\/\/enteculturalsantafesino.com.ar\/usina3\/wp-json\/wp\/v2\/users\/3"}],"replies":[{"embeddable":true,"href":"http:\/\/enteculturalsantafesino.com.ar\/usina3\/wp-json\/wp\/v2\/comments?post=13191"}],"version-history":[{"count":2,"href":"http:\/\/enteculturalsantafesino.com.ar\/usina3\/wp-json\/wp\/v2\/posts\/13191\/revisions"}],"predecessor-version":[{"id":13194,"href":"http:\/\/enteculturalsantafesino.com.ar\/usina3\/wp-json\/wp\/v2\/posts\/13191\/revisions\/13194"}],"wp:featuredmedia":[{"embeddable":true,"href":"http:\/\/enteculturalsantafesino.com.ar\/usina3\/wp-json\/wp\/v2\/media\/13192"}],"wp:attachment":[{"href":"http:\/\/enteculturalsantafesino.com.ar\/usina3\/wp-json\/wp\/v2\/media?parent=13191"}],"wp:term":[{"taxonomy":"category","embeddable":true,"href":"http:\/\/enteculturalsantafesino.com.ar\/usina3\/wp-json\/wp\/v2\/categories?post=13191"},{"taxonomy":"post_tag","embeddable":true,"href":"http:\/\/enteculturalsantafesino.com.ar\/usina3\/wp-json\/wp\/v2\/tags?post=13191"}],"curies":[{"name":"wp","href":"https:\/\/api.w.org\/{rel}","templated":true}]}}