{"id":13226,"date":"2020-03-31T14:07:12","date_gmt":"2020-03-31T14:07:12","guid":{"rendered":"http:\/\/enteculturalsantafesino.com.ar\/usina3\/?p=13226"},"modified":"2020-03-31T14:07:23","modified_gmt":"2020-03-31T14:07:23","slug":"hoy-llegan-los-caminos-del-acordeon-2","status":"publish","type":"post","link":"http:\/\/enteculturalsantafesino.com.ar\/usina3\/2020\/03\/hoy-llegan-los-caminos-del-acordeon-2\/","title":{"rendered":"Hoy llegan \u00abLos Caminos del Acorde\u00f3n 2\u00bb"},"content":{"rendered":"\n<p>En el marco del programa\u00a0<strong>#EnteNosotros<\/strong>; hoy desde las\u00a0<strong>19hs<\/strong>\u00a0contin\u00faa la programaci\u00f3n a trav\u00e9s del\u00a0<strong>Face: Ente Cultura<\/strong>\u00a0de los contenidos audiovisuales generados durante los 12 a\u00f1os de gesti\u00f3n cultural.<\/p>\n\n\n\n<p>Con el audiovisual\u00a0<strong>\u00abLos Caminos del Acorde\u00f3n II\u00bb<\/strong>\u00a0auspiciado por la\u00a0<strong>Diputada Provincial M.C. Claudia Giaccone<\/strong>\u00a0y la producci\u00f3n del\u00a0<strong>Ente cultural Santafesino\u00a0<\/strong>se iniciar\u00e1 el recorrido virtual disfrutando del potencial cultural de nuestra Santa Fe.<\/p>\n\n\n\n<p>Esta segunda parte es una nueva etapa dentro del rescate y el registro de nuestros exponentes art\u00edsticos y culturales de las regiones centro-sur de Santa Fe, siempre con el prop\u00f3sito de seguir uniendo desde el acorde\u00f3n a las distintas realidades de nuestro \u201csentir\u201d provincial. <\/p>\n\n\n\n<p>Durante los d\u00edas\u00a023, 24 y 25 de marzo de 2017, en la ciudades de\u00a0Casilda y San Jorge, se recibieron a distintos acordeonistas de las comunidades de los departamentos:\u00a0<em>Castellanos, Las Colonias, San Martin, San Jer\u00f3nimo, Caseros, Belgrano, Iriondo, San Lorenzo, General L\u00f3pez, Rosario y Constituci\u00f3n,<\/em>\u00a0quienes forman parte de esta propuesta f\u00edlmica que visualiza no solo el talento y los estilos de cada m\u00fasico, sino que se expone la idiosincrasia, el paisaje y la esencia de cada pueblo. <\/p>\n\n\n\n<p> Los participantes de esta segunda etapa son:\u00a0<strong>Zavalla:<\/strong>\u00a0Luis Vallejos,\u00a0<strong>Santa Teresa:<\/strong>\u00a0Antonio Sciascia,\u00a0<strong>Fuentes<\/strong>: Damian \u201cToti\u201d Frediani,<strong>\u00a0Pi\u00f1ero:<\/strong>\u00a0Abel Villarreal,\u00a0<strong>Villa Mugueta:<\/strong>\u00a0Osvaldo Cachito Torres,\u00a0<strong>Villa Elo\u00edsa:<\/strong>\u00a0Dario Alvarez,\u00a0<strong>Correa:<\/strong>\u00a0Hector Benetti,\u00a0<strong>Salto Grande:\u00a0<\/strong>Corino Rivodino-Carlos Mariatti,\u00a0<strong>Ibarlucea:<\/strong>\u00a0D\u00fao \u201cSiempre Juntos\u201d,\u00a0<strong>Wheelwright:<\/strong>\u00a0Dante Marziali,\u00a0<strong>Hughes:<\/strong>\u00a0Agustin Fakelman,\u00a0<strong>Las Parejas:\u00a0<\/strong>Roberto \u201cTito\u201d Penesi,\u00a0<strong>Andino:<\/strong>\u00a0Toto Leguizamon,\u00a0<strong>Maciel:<\/strong>\u00a0Hermanos Bachidu,\u00a0<strong>Montes de Oca\/Las Rosas:<\/strong>\u00a0Valentin Tallano,\u00a0<strong>Tortugas:<\/strong>\u00a0Priscila Gonzalez,\u00a0<strong>San Jorge:<\/strong>\u00a0Adelqui Bertotto,\u00a0<strong>Esperanza:<\/strong>\u00a0Pedro Antoni Leon Sirevich,\u00a0<strong>San Martin de las Escobas:<\/strong>\u00a0Diego Araya,\u00a0<strong>Nuevo Torino:<\/strong>\u00a0Damian Emmert,\u00a0<strong>Maria Juana:<\/strong>\u00a0Ramon Vallejos,\u00a0<strong>Casilda:<\/strong>\u00a0Juan Jos\u00e9 Mattei, \u00c1ngela Micussi, C\u00e9sar Here\u00f1u\u00a0<strong>Participaci\u00f3n especial: Chango Spasiuk.<\/strong> <\/p>\n","protected":false},"excerpt":{"rendered":"<p>En el marco del programa\u00a0#EnteNosotros; hoy desde las\u00a019hs\u00a0contin\u00faa la programaci\u00f3n a trav\u00e9s del\u00a0Face: Ente Cultura\u00a0de los contenidos [&hellip;]<\/p>\n","protected":false},"author":3,"featured_media":13227,"comment_status":"open","ping_status":"open","sticky":false,"template":"","format":"standard","meta":{"_jetpack_memberships_contains_paid_content":false,"footnotes":"","jetpack_publicize_message":"","jetpack_publicize_feature_enabled":true,"jetpack_social_post_already_shared":true,"jetpack_social_options":{"image_generator_settings":{"template":"highway","enabled":false}}},"categories":[4],"tags":[],"jetpack_publicize_connections":[],"jetpack_featured_media_url":"http:\/\/enteculturalsantafesino.com.ar\/usina3\/wp-content\/uploads\/2020\/03\/91499782_152131212784165_4582168065411645440_n.jpg","jetpack_sharing_enabled":true,"_links":{"self":[{"href":"http:\/\/enteculturalsantafesino.com.ar\/usina3\/wp-json\/wp\/v2\/posts\/13226"}],"collection":[{"href":"http:\/\/enteculturalsantafesino.com.ar\/usina3\/wp-json\/wp\/v2\/posts"}],"about":[{"href":"http:\/\/enteculturalsantafesino.com.ar\/usina3\/wp-json\/wp\/v2\/types\/post"}],"author":[{"embeddable":true,"href":"http:\/\/enteculturalsantafesino.com.ar\/usina3\/wp-json\/wp\/v2\/users\/3"}],"replies":[{"embeddable":true,"href":"http:\/\/enteculturalsantafesino.com.ar\/usina3\/wp-json\/wp\/v2\/comments?post=13226"}],"version-history":[{"count":1,"href":"http:\/\/enteculturalsantafesino.com.ar\/usina3\/wp-json\/wp\/v2\/posts\/13226\/revisions"}],"predecessor-version":[{"id":13228,"href":"http:\/\/enteculturalsantafesino.com.ar\/usina3\/wp-json\/wp\/v2\/posts\/13226\/revisions\/13228"}],"wp:featuredmedia":[{"embeddable":true,"href":"http:\/\/enteculturalsantafesino.com.ar\/usina3\/wp-json\/wp\/v2\/media\/13227"}],"wp:attachment":[{"href":"http:\/\/enteculturalsantafesino.com.ar\/usina3\/wp-json\/wp\/v2\/media?parent=13226"}],"wp:term":[{"taxonomy":"category","embeddable":true,"href":"http:\/\/enteculturalsantafesino.com.ar\/usina3\/wp-json\/wp\/v2\/categories?post=13226"},{"taxonomy":"post_tag","embeddable":true,"href":"http:\/\/enteculturalsantafesino.com.ar\/usina3\/wp-json\/wp\/v2\/tags?post=13226"}],"curies":[{"name":"wp","href":"https:\/\/api.w.org\/{rel}","templated":true}]}}