{"id":13258,"date":"2020-04-30T17:39:00","date_gmt":"2020-04-30T17:39:00","guid":{"rendered":"http:\/\/enteculturalsantafesino.com.ar\/usina3\/?p=13258"},"modified":"2020-04-30T17:39:04","modified_gmt":"2020-04-30T17:39:04","slug":"abrio-la-inscripcion-para-el-concursohacelo-corto-2020","status":"publish","type":"post","link":"http:\/\/enteculturalsantafesino.com.ar\/usina3\/2020\/04\/abrio-la-inscripcion-para-el-concursohacelo-corto-2020\/","title":{"rendered":"Abri\u00f3 la inscripci\u00f3n para el concurso\u00bbHacelo Corto 2020&#8243;"},"content":{"rendered":"\n<p>El <strong>Ente Cultural Santafesino<\/strong> convoca al s\u00e9ptimo concurso de cortometrajes <strong>\u201cHacelo Corto\u201d<\/strong>, organizado por dicho espacio cultural , para el cual se fijan las siguientes bases y condiciones:<\/p>\n\n\n\n<p><em>Podr\u00e1n participar de dicho concurso: instituciones educativas (formales o no formales) y productores independientes de localidades adheridas al Ente Cultural Santafesino. <\/em><\/p>\n\n\n\n<p><em>Las instituciones educativas participantes podr\u00e1n ser de car\u00e1cter p\u00fablico o privado y de cualquier nivel (inicial, primaria, media, adultos, art\u00edstica y especial). <\/em><\/p>\n\n\n\n<p><strong><em>PRE INSCRIPCI\u00d3N<\/em><\/strong><br>Se establece una <strong>PRE-INSCRIPCI\u00d3N<\/strong> de car\u00e1cter obligatorio, por medio de mail especificando los siguientes datos:<br>&#x25aa; Nombre y Apellido del realizador (o de la instituci\u00f3n, detallando Grado, turno y docente)<br>&#x25aa; Domicilio, tel\u00e9fono y email de referencia<br>&#x25aa; T\u00edtulo tentativo de la obra a presentar y duraci\u00f3n estimada de la misma<br>La fecha l\u00edmite de <strong>PRE-INSCRIPCI\u00d3N<\/strong> se establece el <strong>d\u00eda 25 de Septiembre de 2020<\/strong> <strong>no siendo necesario enviar el corto en esta instancia<\/strong>.<\/p>\n\n\n\n<p>Para mayor informaci\u00f3n ingresa a: <strong>www.enteculturalsantafesino.com.ar\/hacelocorto\/<\/strong><\/p>\n","protected":false},"excerpt":{"rendered":"<p>El Ente Cultural Santafesino convoca al s\u00e9ptimo concurso de cortometrajes \u201cHacelo Corto\u201d, organizado por dicho espacio cultural [&hellip;]<\/p>\n","protected":false},"author":3,"featured_media":13260,"comment_status":"open","ping_status":"open","sticky":false,"template":"","format":"standard","meta":{"_jetpack_memberships_contains_paid_content":false,"footnotes":"","jetpack_publicize_message":"","jetpack_publicize_feature_enabled":true,"jetpack_social_post_already_shared":true,"jetpack_social_options":{"image_generator_settings":{"template":"highway","enabled":false}}},"categories":[4],"tags":[],"jetpack_publicize_connections":[],"jetpack_featured_media_url":"http:\/\/enteculturalsantafesino.com.ar\/usina3\/wp-content\/uploads\/2020\/04\/af175088-09d3-4d07-afcd-960418f692da.jpg","jetpack_sharing_enabled":true,"_links":{"self":[{"href":"http:\/\/enteculturalsantafesino.com.ar\/usina3\/wp-json\/wp\/v2\/posts\/13258"}],"collection":[{"href":"http:\/\/enteculturalsantafesino.com.ar\/usina3\/wp-json\/wp\/v2\/posts"}],"about":[{"href":"http:\/\/enteculturalsantafesino.com.ar\/usina3\/wp-json\/wp\/v2\/types\/post"}],"author":[{"embeddable":true,"href":"http:\/\/enteculturalsantafesino.com.ar\/usina3\/wp-json\/wp\/v2\/users\/3"}],"replies":[{"embeddable":true,"href":"http:\/\/enteculturalsantafesino.com.ar\/usina3\/wp-json\/wp\/v2\/comments?post=13258"}],"version-history":[{"count":1,"href":"http:\/\/enteculturalsantafesino.com.ar\/usina3\/wp-json\/wp\/v2\/posts\/13258\/revisions"}],"predecessor-version":[{"id":13261,"href":"http:\/\/enteculturalsantafesino.com.ar\/usina3\/wp-json\/wp\/v2\/posts\/13258\/revisions\/13261"}],"wp:featuredmedia":[{"embeddable":true,"href":"http:\/\/enteculturalsantafesino.com.ar\/usina3\/wp-json\/wp\/v2\/media\/13260"}],"wp:attachment":[{"href":"http:\/\/enteculturalsantafesino.com.ar\/usina3\/wp-json\/wp\/v2\/media?parent=13258"}],"wp:term":[{"taxonomy":"category","embeddable":true,"href":"http:\/\/enteculturalsantafesino.com.ar\/usina3\/wp-json\/wp\/v2\/categories?post=13258"},{"taxonomy":"post_tag","embeddable":true,"href":"http:\/\/enteculturalsantafesino.com.ar\/usina3\/wp-json\/wp\/v2\/tags?post=13258"}],"curies":[{"name":"wp","href":"https:\/\/api.w.org\/{rel}","templated":true}]}}