{"id":13302,"date":"2020-07-18T16:23:52","date_gmt":"2020-07-18T16:23:52","guid":{"rendered":"http:\/\/enteculturalsantafesino.com.ar\/usina3\/?p=13302"},"modified":"2020-07-18T16:23:55","modified_gmt":"2020-07-18T16:23:55","slug":"chovet-cultura-en-pandemia","status":"publish","type":"post","link":"http:\/\/enteculturalsantafesino.com.ar\/usina3\/2020\/07\/chovet-cultura-en-pandemia\/","title":{"rendered":"Chovet: Cultura en pandemia"},"content":{"rendered":"\n<p>La llamada \u201cnueva normalidad\u201d por la pandemia de coronavirus que sacude al pa\u00eds, llev\u00f3 a muchas localidades a repensar y organizar las estructuras de trabajo ya conocidas. En el sur santafesino, quien estuvo atento a estos nuevos procesos fue la Comuna de Chovet.<\/p>\n\n\n\n<p>R\u00e1pidamente, la gesti\u00f3n que encabeza Sergio Busquet, despleg\u00f3 todas las herramientas tecnol\u00f3gicas y los recursos t\u00e9cnicos con los que cuenta en su comunidad, para proponer un abordaje pocas veces visto en esta zona. Desde entonces, en Chovet los procesos comunicacionales se miran desde una perspectiva diferente.<\/p>\n\n\n\n<p>Solo con las herramientas a mano, pero con mucha creatividad, el equipo de la Comuna puso primera con la cobertura de los actos por las fechas patrias y luego dio un paso m\u00e1s: los fines de semana, convocan a los artistas locales para ofrecer espect\u00e1culos musicales v\u00eda streaming.\u00a0<\/p>\n\n\n\n<p>Pero no son simples espect\u00e1culos. Se tiene en cuenta que las redes sociales son un entorno de interacci\u00f3n social \u2013y no solamente un medio\u2013 y que, en consecuencia, esto impacta en la modalidad cultural que buscan desarrollar. Literalmente, la Comuna tiene un idea y vuelta con los usuarios.<\/p>\n\n\n\n<p><strong>Los que ya pasaron<\/strong><\/p>\n\n\n\n<p>En el caso de los espect\u00e1culos musicales, el lugar elegido es el Sal\u00f3n Oval del edificio comunal. Un \u00e1mbito, sin dimensiones f\u00edsicas, que alberga, potencia y estructura las actividades de las personas, como puede verse en este caso puntual, en las redes sociales.<\/p>\n\n\n\n<p>Cada detalle est\u00e1 cuidado. Hay un protocolo de ingreso para cuando comienzan a llegar tanto los m\u00fasicos como cantantes o el equipo encargado de la producci\u00f3n. Todos son desinfectados con un preparado de alcohol y agua. Luego, firman una planilla donde completan con datos personales.<\/p>\n\n\n\n<p>Viene siendo tanta la viralizaci\u00f3n de los contenidos presentados, que ya incluso hay pedidos de artistas de otras localidades para poder participar de los ciclos. Por eso la idea de la organizaci\u00f3n es sostenerlo hasta agosto o septiembre.&nbsp;&nbsp;Periodista\/Fuente: Pablo Rodr\u00edguez | Transmedia VT<\/p>\n","protected":false},"excerpt":{"rendered":"<p>La llamada \u201cnueva normalidad\u201d por la pandemia de coronavirus que sacude al pa\u00eds, llev\u00f3 a muchas localidades [&hellip;]<\/p>\n","protected":false},"author":3,"featured_media":13303,"comment_status":"open","ping_status":"open","sticky":false,"template":"","format":"standard","meta":{"_jetpack_memberships_contains_paid_content":false,"footnotes":"","jetpack_publicize_message":"","jetpack_publicize_feature_enabled":true,"jetpack_social_post_already_shared":true,"jetpack_social_options":{"image_generator_settings":{"template":"highway","enabled":false}}},"categories":[20],"tags":[],"jetpack_publicize_connections":[],"jetpack_featured_media_url":"http:\/\/enteculturalsantafesino.com.ar\/usina3\/wp-content\/uploads\/2020\/07\/chovet.jpeg","jetpack_sharing_enabled":true,"_links":{"self":[{"href":"http:\/\/enteculturalsantafesino.com.ar\/usina3\/wp-json\/wp\/v2\/posts\/13302"}],"collection":[{"href":"http:\/\/enteculturalsantafesino.com.ar\/usina3\/wp-json\/wp\/v2\/posts"}],"about":[{"href":"http:\/\/enteculturalsantafesino.com.ar\/usina3\/wp-json\/wp\/v2\/types\/post"}],"author":[{"embeddable":true,"href":"http:\/\/enteculturalsantafesino.com.ar\/usina3\/wp-json\/wp\/v2\/users\/3"}],"replies":[{"embeddable":true,"href":"http:\/\/enteculturalsantafesino.com.ar\/usina3\/wp-json\/wp\/v2\/comments?post=13302"}],"version-history":[{"count":1,"href":"http:\/\/enteculturalsantafesino.com.ar\/usina3\/wp-json\/wp\/v2\/posts\/13302\/revisions"}],"predecessor-version":[{"id":13304,"href":"http:\/\/enteculturalsantafesino.com.ar\/usina3\/wp-json\/wp\/v2\/posts\/13302\/revisions\/13304"}],"wp:featuredmedia":[{"embeddable":true,"href":"http:\/\/enteculturalsantafesino.com.ar\/usina3\/wp-json\/wp\/v2\/media\/13303"}],"wp:attachment":[{"href":"http:\/\/enteculturalsantafesino.com.ar\/usina3\/wp-json\/wp\/v2\/media?parent=13302"}],"wp:term":[{"taxonomy":"category","embeddable":true,"href":"http:\/\/enteculturalsantafesino.com.ar\/usina3\/wp-json\/wp\/v2\/categories?post=13302"},{"taxonomy":"post_tag","embeddable":true,"href":"http:\/\/enteculturalsantafesino.com.ar\/usina3\/wp-json\/wp\/v2\/tags?post=13302"}],"curies":[{"name":"wp","href":"https:\/\/api.w.org\/{rel}","templated":true}]}}