{"id":13340,"date":"2020-08-12T09:25:30","date_gmt":"2020-08-12T09:25:30","guid":{"rendered":"http:\/\/enteculturalsantafesino.com.ar\/usina3\/?p=13340"},"modified":"2020-08-12T09:25:34","modified_gmt":"2020-08-12T09:25:34","slug":"historias-ilustradas-recorrera-las-usinas-culturales","status":"publish","type":"post","link":"http:\/\/enteculturalsantafesino.com.ar\/usina3\/2020\/08\/historias-ilustradas-recorrera-las-usinas-culturales\/","title":{"rendered":"\u00abHistorias Ilustradas\u00bb recorrer\u00e1 las Usinas Culturales"},"content":{"rendered":"\n<p>El reconocido dibujante e ilustrador rosarino,<strong> Carlos Barocelli<\/strong>, don\u00f3 a <strong>Secretaria de Cultura de Villa Constituci\u00f3n<\/strong>, durante el mes de abril de 2019 estas producciones que forman parte de una muestra que involucr\u00f3 a m\u00e1s de 70 ilustradores y dibujantes.<\/p>\n\n\n\n<p><strong>En los pr\u00f3ximos d\u00edas dicha propuesta iniciar\u00e1 su recorrido por todo el territorio integrado por las Usinas del Ente Cultural Santafesino.<\/strong><\/p>\n\n\n\n<p><strong>Carlos Barocelli<\/strong>, cont\u00f3 que <strong>\u201cHistorias Ilustradas\u201d<\/strong> es un proyecto itinerante que tuvo su inauguraci\u00f3n oficial el 25 de mayo del a\u00f1o 2010 en la Galer\u00eda de Honor de las Banderas de Am\u00e9rica del Monumento a la Bandera, narra el per\u00edodo hist\u00f3rico comprendido desde la Revoluci\u00f3n de Mayo de 1810 hasta la ca\u00edda de Rosas en 1852, mediante im\u00e1genes creadas por dibujantes, retratistas, historietistas, humoristas gr\u00e1ficos, dise\u00f1adores, ilustradores e historiadores de la ciudad de Rosario, de Santa Fe y de diversas provincias argentinas.<\/p>\n\n\n\n<p>El <strong>Presidente del Ente Cultural Santafesino Franco Pietrani<\/strong> manifest\u00f3 su satisfacci\u00f3n por seguir articulando con distintos artistas de toda la provincia estas muestras que comienzan a girar en las pr\u00f3ximas semanas permitiendo la difusi\u00f3n y visibilidad de cada producci\u00f3n, como as\u00ed tambi\u00e9n el fortalecimiento, en esta etapa de pandemia, de la red cultural que se extiende a lo largo y ancho de Santa Fe.<\/p>\n\n\n\n<p><em><strong>\u201cCompartiendo Cultura\u201d<\/strong><\/em><\/p>\n\n\n\n<p>Dicho programa que posee la finalidad de intercambiar e interaccionar propuestas art\u00edsticas pertenecientes a las comunidades que integran dicho espacio cultural; jerarquizando y promoviendo la red social, cultural y de inclusi\u00f3n de los m\u00faltiples artistas santafesinos.<\/p>\n","protected":false},"excerpt":{"rendered":"<p>El reconocido dibujante e ilustrador rosarino, Carlos Barocelli, don\u00f3 a Secretaria de Cultura de Villa Constituci\u00f3n, durante [&hellip;]<\/p>\n","protected":false},"author":3,"featured_media":13341,"comment_status":"open","ping_status":"open","sticky":false,"template":"","format":"standard","meta":{"_jetpack_memberships_contains_paid_content":false,"footnotes":"","jetpack_publicize_message":"","jetpack_publicize_feature_enabled":true,"jetpack_social_post_already_shared":true,"jetpack_social_options":{"image_generator_settings":{"template":"highway","enabled":false}}},"categories":[4,26],"tags":[],"jetpack_publicize_connections":[],"jetpack_featured_media_url":"http:\/\/enteculturalsantafesino.com.ar\/usina3\/wp-content\/uploads\/2020\/08\/4ac21c0b-01d0-464e-8afd-185433156796.jpg","jetpack_sharing_enabled":true,"_links":{"self":[{"href":"http:\/\/enteculturalsantafesino.com.ar\/usina3\/wp-json\/wp\/v2\/posts\/13340"}],"collection":[{"href":"http:\/\/enteculturalsantafesino.com.ar\/usina3\/wp-json\/wp\/v2\/posts"}],"about":[{"href":"http:\/\/enteculturalsantafesino.com.ar\/usina3\/wp-json\/wp\/v2\/types\/post"}],"author":[{"embeddable":true,"href":"http:\/\/enteculturalsantafesino.com.ar\/usina3\/wp-json\/wp\/v2\/users\/3"}],"replies":[{"embeddable":true,"href":"http:\/\/enteculturalsantafesino.com.ar\/usina3\/wp-json\/wp\/v2\/comments?post=13340"}],"version-history":[{"count":1,"href":"http:\/\/enteculturalsantafesino.com.ar\/usina3\/wp-json\/wp\/v2\/posts\/13340\/revisions"}],"predecessor-version":[{"id":13342,"href":"http:\/\/enteculturalsantafesino.com.ar\/usina3\/wp-json\/wp\/v2\/posts\/13340\/revisions\/13342"}],"wp:featuredmedia":[{"embeddable":true,"href":"http:\/\/enteculturalsantafesino.com.ar\/usina3\/wp-json\/wp\/v2\/media\/13341"}],"wp:attachment":[{"href":"http:\/\/enteculturalsantafesino.com.ar\/usina3\/wp-json\/wp\/v2\/media?parent=13340"}],"wp:term":[{"taxonomy":"category","embeddable":true,"href":"http:\/\/enteculturalsantafesino.com.ar\/usina3\/wp-json\/wp\/v2\/categories?post=13340"},{"taxonomy":"post_tag","embeddable":true,"href":"http:\/\/enteculturalsantafesino.com.ar\/usina3\/wp-json\/wp\/v2\/tags?post=13340"}],"curies":[{"name":"wp","href":"https:\/\/api.w.org\/{rel}","templated":true}]}}