{"id":13350,"date":"2020-08-23T09:28:52","date_gmt":"2020-08-23T09:28:52","guid":{"rendered":"http:\/\/enteculturalsantafesino.com.ar\/usina3\/?p=13350"},"modified":"2020-08-23T09:50:26","modified_gmt":"2020-08-23T09:50:26","slug":"se-extiende-el-plazo-de-recepcion-de-clave-de-cuento-2020","status":"publish","type":"post","link":"http:\/\/enteculturalsantafesino.com.ar\/usina3\/2020\/08\/se-extiende-el-plazo-de-recepcion-de-clave-de-cuento-2020\/","title":{"rendered":"Se extiende el plazo de recepci\u00f3n de \u201cClave de Cuento 2020\u201d"},"content":{"rendered":"\n<p>El\u00a0<strong>Ente Cultural Santafesino<\/strong>\u00a0informa que la s\u00e9ptima edici\u00f3n literaria\u00a0<strong>\u201cClave de Cuento 2020\u201d \u2013 \u201cManuel Belgrano 200 a\u00f1os\u201d<\/strong>, extiende su recepci\u00f3n hasta el viernes 30 de octubre<\/p>\n\n\n\n<p>Consultando las bases en: www.enteculturalsantafesino.com.ar podr\u00e1n formar parte de esta propuesta, que vincula a todos los escritores m\u00e1s j\u00f3venes de la provincia y del sudeste cordob\u00e9s.<\/p>\n\n\n\n<p><em>\u201cEn el a\u00f1o del Bicentenario del fallecimiento de Manuel Belgrano, creador de nuestra Bandera, apostamos a una mayor participaci\u00f3n de los escritores de todas las localidades, como un modo de expresar una voz plural que transite nuestro suelo\u201d<\/em>&nbsp;manifest\u00f3&nbsp;<strong>Franco Pietrani \u2013 Presidente del Ente Cultural .<\/strong><\/p>\n\n\n\n<p>Dicha convocatoria tiene como finalidad la publicaci\u00f3n impresa de producciones literarias realizadas por los ni\u00f1os de los pueblos y ciudades que conforman las VII Usinas del Ente Cultural Santafesino y de la regi\u00f3n del sudeste cordob\u00e9s.<\/p>\n\n\n\n<p><em><strong>Las producciones literarias ser\u00e1n recibidas hasta el 30 de octubre.<\/strong><\/em><\/p>\n","protected":false},"excerpt":{"rendered":"<p>El\u00a0Ente Cultural Santafesino\u00a0informa que la s\u00e9ptima edici\u00f3n literaria\u00a0\u201cClave de Cuento 2020\u201d \u2013 \u201cManuel Belgrano 200 a\u00f1os\u201d, extiende [&hellip;]<\/p>\n","protected":false},"author":3,"featured_media":13351,"comment_status":"open","ping_status":"open","sticky":false,"template":"","format":"standard","meta":{"_jetpack_memberships_contains_paid_content":false,"footnotes":"","jetpack_publicize_message":"","jetpack_publicize_feature_enabled":true,"jetpack_social_post_already_shared":true,"jetpack_social_options":{"image_generator_settings":{"template":"highway","enabled":false}}},"categories":[4],"tags":[],"jetpack_publicize_connections":[],"jetpack_featured_media_url":"http:\/\/enteculturalsantafesino.com.ar\/usina3\/wp-content\/uploads\/2020\/08\/2020-Clave-de-Cuento-_tapa-01-1.jpg","jetpack_sharing_enabled":true,"_links":{"self":[{"href":"http:\/\/enteculturalsantafesino.com.ar\/usina3\/wp-json\/wp\/v2\/posts\/13350"}],"collection":[{"href":"http:\/\/enteculturalsantafesino.com.ar\/usina3\/wp-json\/wp\/v2\/posts"}],"about":[{"href":"http:\/\/enteculturalsantafesino.com.ar\/usina3\/wp-json\/wp\/v2\/types\/post"}],"author":[{"embeddable":true,"href":"http:\/\/enteculturalsantafesino.com.ar\/usina3\/wp-json\/wp\/v2\/users\/3"}],"replies":[{"embeddable":true,"href":"http:\/\/enteculturalsantafesino.com.ar\/usina3\/wp-json\/wp\/v2\/comments?post=13350"}],"version-history":[{"count":2,"href":"http:\/\/enteculturalsantafesino.com.ar\/usina3\/wp-json\/wp\/v2\/posts\/13350\/revisions"}],"predecessor-version":[{"id":13353,"href":"http:\/\/enteculturalsantafesino.com.ar\/usina3\/wp-json\/wp\/v2\/posts\/13350\/revisions\/13353"}],"wp:featuredmedia":[{"embeddable":true,"href":"http:\/\/enteculturalsantafesino.com.ar\/usina3\/wp-json\/wp\/v2\/media\/13351"}],"wp:attachment":[{"href":"http:\/\/enteculturalsantafesino.com.ar\/usina3\/wp-json\/wp\/v2\/media?parent=13350"}],"wp:term":[{"taxonomy":"category","embeddable":true,"href":"http:\/\/enteculturalsantafesino.com.ar\/usina3\/wp-json\/wp\/v2\/categories?post=13350"},{"taxonomy":"post_tag","embeddable":true,"href":"http:\/\/enteculturalsantafesino.com.ar\/usina3\/wp-json\/wp\/v2\/tags?post=13350"}],"curies":[{"name":"wp","href":"https:\/\/api.w.org\/{rel}","templated":true}]}}