{"id":13382,"date":"2020-09-27T16:46:50","date_gmt":"2020-09-27T16:46:50","guid":{"rendered":"http:\/\/enteculturalsantafesino.com.ar\/usina3\/?p=13382"},"modified":"2020-09-27T16:46:54","modified_gmt":"2020-09-27T16:46:54","slug":"fighiera-recibe-la-muestra-cuidarte","status":"publish","type":"post","link":"http:\/\/enteculturalsantafesino.com.ar\/usina3\/2020\/09\/fighiera-recibe-la-muestra-cuidarte\/","title":{"rendered":"Fighiera recibe la Muestra \u00abCuidARTE\u00bb"},"content":{"rendered":"\n<p>Fighiera recibe en esta oportunidad la muestra itinerante <strong>\u00abCuidARTE\u00bb<\/strong> perteneciente al <strong>Ente Cultural Santafesino<\/strong>.<\/p>\n\n\n\n<p>La misma posee el objetivo de difundir y concientizar a trav\u00e9s del Arte las medidas de prevenci\u00f3n:<br>\u2022Distanciamiento social<br>\u2022Lavarse las manos con frecuencia.<br>\u2022Quedarse en casa<\/p>\n\n\n\n<p>Esta exposici\u00f3n tiene como objeto reflejar la tem\u00e1tica relacionada a la pandemia, expresada en los trazos de talentosos artistas pl\u00e1sticos que se ir\u00e1n sumando en cada una de las comunidades adheridas al mencionado Ente.<\/p>\n\n\n\n<p>Podr\u00e1s disfrutar de la muestra cuando hagas tus tr\u00e1mites en el<strong> Banco Credicoop de Fighiera<\/strong> entre el <strong>28 de septiembre y 2 de octubre<\/strong>.<\/p>\n","protected":false},"excerpt":{"rendered":"<p>Fighiera recibe en esta oportunidad la muestra itinerante \u00abCuidARTE\u00bb perteneciente al Ente Cultural Santafesino. La misma posee [&hellip;]<\/p>\n","protected":false},"author":3,"featured_media":13383,"comment_status":"open","ping_status":"open","sticky":false,"template":"","format":"standard","meta":{"_jetpack_memberships_contains_paid_content":false,"footnotes":"","jetpack_publicize_message":"","jetpack_publicize_feature_enabled":true,"jetpack_social_post_already_shared":true,"jetpack_social_options":{"image_generator_settings":{"template":"highway","enabled":false}}},"categories":[44],"tags":[],"jetpack_publicize_connections":[],"jetpack_featured_media_url":"http:\/\/enteculturalsantafesino.com.ar\/usina3\/wp-content\/uploads\/2020\/09\/120135153_1014701699035775_5194420249499212975_o.jpg","jetpack_sharing_enabled":true,"_links":{"self":[{"href":"http:\/\/enteculturalsantafesino.com.ar\/usina3\/wp-json\/wp\/v2\/posts\/13382"}],"collection":[{"href":"http:\/\/enteculturalsantafesino.com.ar\/usina3\/wp-json\/wp\/v2\/posts"}],"about":[{"href":"http:\/\/enteculturalsantafesino.com.ar\/usina3\/wp-json\/wp\/v2\/types\/post"}],"author":[{"embeddable":true,"href":"http:\/\/enteculturalsantafesino.com.ar\/usina3\/wp-json\/wp\/v2\/users\/3"}],"replies":[{"embeddable":true,"href":"http:\/\/enteculturalsantafesino.com.ar\/usina3\/wp-json\/wp\/v2\/comments?post=13382"}],"version-history":[{"count":1,"href":"http:\/\/enteculturalsantafesino.com.ar\/usina3\/wp-json\/wp\/v2\/posts\/13382\/revisions"}],"predecessor-version":[{"id":13384,"href":"http:\/\/enteculturalsantafesino.com.ar\/usina3\/wp-json\/wp\/v2\/posts\/13382\/revisions\/13384"}],"wp:featuredmedia":[{"embeddable":true,"href":"http:\/\/enteculturalsantafesino.com.ar\/usina3\/wp-json\/wp\/v2\/media\/13383"}],"wp:attachment":[{"href":"http:\/\/enteculturalsantafesino.com.ar\/usina3\/wp-json\/wp\/v2\/media?parent=13382"}],"wp:term":[{"taxonomy":"category","embeddable":true,"href":"http:\/\/enteculturalsantafesino.com.ar\/usina3\/wp-json\/wp\/v2\/categories?post=13382"},{"taxonomy":"post_tag","embeddable":true,"href":"http:\/\/enteculturalsantafesino.com.ar\/usina3\/wp-json\/wp\/v2\/tags?post=13382"}],"curies":[{"name":"wp","href":"https:\/\/api.w.org\/{rel}","templated":true}]}}