{"id":13385,"date":"2020-09-28T11:09:28","date_gmt":"2020-09-28T11:09:28","guid":{"rendered":"http:\/\/enteculturalsantafesino.com.ar\/usina3\/?p=13385"},"modified":"2020-09-28T11:09:31","modified_gmt":"2020-09-28T11:09:31","slug":"cuidarte-ya-se-expone-en-fighiera","status":"publish","type":"post","link":"http:\/\/enteculturalsantafesino.com.ar\/usina3\/2020\/09\/cuidarte-ya-se-expone-en-fighiera\/","title":{"rendered":"\u00abCuidARTE\u00bb ya se expone en Fighiera"},"content":{"rendered":"\n<p>Del <strong>28 al 2 de octubre <\/strong>en las instalaciones del<strong> Banco Credicoop<\/strong>, en el marco de los programas\u00a0<strong>\u201cCompartiendo Cultura\u201d<\/strong>\u00a0y\u00a0<strong><a href=\"https:\/\/www.facebook.com\/hashtag\/entenosotros?__eep__=6&amp;source=feed_text&amp;epa=HASHTAG&amp;__xts__%5B0%5D=68.ARBzymFTFZkML_PThB39Q9spvUDjWKtOH4LE6j62XHdv_iPgSNBDEIXd0lMdMFdXWOasHh0Q0Ok03xnmtj5sfdtfZbwGwCLRJBpKNjzPjaZrtHENSPIMrcCAPt7o00dfMGHjqiRi8jG6-oI0dQs05_o1ip525gbD9-4K2RegtmHrJf7_QAuY7EzQTqMtCC0ALZwVhc6igUa3hJyEpvP6gHhaYgr7wJ981xmBrXVztolcoQ6qe6pECLoqJzJdYcCF25Rix2ZzXve2fY7GjLdp3ebnktkS4cTv-xeRxNahOmnSAMT-NOXddbACZyhBwv3czhANLYLUFVIM4o1TtfyRDCP_hsiS&amp;__tn__=%2ANK-R\">#EnteNosotros<\/a>\u00a0<\/strong>que se desarrollan dentro del contexto de aislamiento preventivo y obligatorio por el Covid-19; siete artistas pl\u00e1sticos de la ciudad de <strong>Arroyo Seco<\/strong> pusieron en marcha la\u00a0<strong>Muestra itinerante<\/strong>\u00a0denominada\u00a0<strong>\u00abCuidARTE\u00bb<\/strong>, y en el transcurso de la gira provincial cada comunidad sumar\u00e1 una obra mediante un artista pl\u00e1stico local; en esta oportunidad lo hizo <strong>Silvina Ibarra<\/strong> a trav\u00e9s de su creaci\u00f3n titulada: <strong>\u00abLa Inclusi\u00f3n\u00bb<\/strong><\/p>\n\n\n\n<p>La misma, posee el objetivo de difundir&nbsp;y concientizar a trav\u00e9s del Arte las medidas de prevenci\u00f3n:<\/p>\n\n\n\n<div class=\"wp-block-jetpack-slideshow aligncenter\" data-effect=\"slide\"><div class=\"wp-block-jetpack-slideshow_container swiper-container\"><ul class=\"wp-block-jetpack-slideshow_swiper-wrapper swiper-wrapper\"><li class=\"wp-block-jetpack-slideshow_slide swiper-slide\"><figure><img loading=\"lazy\" decoding=\"async\" width=\"1024\" height=\"765\" alt=\"\" class=\"wp-block-jetpack-slideshow_image wp-image-13389\" data-id=\"13389\" src=\"http:\/\/enteculturalsantafesino.com.ar\/usina3\/wp-content\/uploads\/2020\/09\/f0e9a7fd-f029-4244-aeb4-caac5673beab-1024x765.jpg\" srcset=\"http:\/\/enteculturalsantafesino.com.ar\/usina3\/wp-content\/uploads\/2020\/09\/f0e9a7fd-f029-4244-aeb4-caac5673beab-1024x765.jpg 1024w, http:\/\/enteculturalsantafesino.com.ar\/usina3\/wp-content\/uploads\/2020\/09\/f0e9a7fd-f029-4244-aeb4-caac5673beab-300x224.jpg 300w, http:\/\/enteculturalsantafesino.com.ar\/usina3\/wp-content\/uploads\/2020\/09\/f0e9a7fd-f029-4244-aeb4-caac5673beab-768x574.jpg 768w, http:\/\/enteculturalsantafesino.com.ar\/usina3\/wp-content\/uploads\/2020\/09\/f0e9a7fd-f029-4244-aeb4-caac5673beab.jpg 1280w\" sizes=\"(max-width: 1024px) 100vw, 1024px\" \/><\/figure><\/li><li class=\"wp-block-jetpack-slideshow_slide swiper-slide\"><figure><img loading=\"lazy\" decoding=\"async\" width=\"1024\" height=\"765\" alt=\"\" class=\"wp-block-jetpack-slideshow_image wp-image-13388\" data-id=\"13388\" src=\"http:\/\/enteculturalsantafesino.com.ar\/usina3\/wp-content\/uploads\/2020\/09\/e1b15408-e42c-4166-afb5-eb9a59e5767f-1024x765.jpg\" srcset=\"http:\/\/enteculturalsantafesino.com.ar\/usina3\/wp-content\/uploads\/2020\/09\/e1b15408-e42c-4166-afb5-eb9a59e5767f-1024x765.jpg 1024w, http:\/\/enteculturalsantafesino.com.ar\/usina3\/wp-content\/uploads\/2020\/09\/e1b15408-e42c-4166-afb5-eb9a59e5767f-300x224.jpg 300w, http:\/\/enteculturalsantafesino.com.ar\/usina3\/wp-content\/uploads\/2020\/09\/e1b15408-e42c-4166-afb5-eb9a59e5767f-768x574.jpg 768w, http:\/\/enteculturalsantafesino.com.ar\/usina3\/wp-content\/uploads\/2020\/09\/e1b15408-e42c-4166-afb5-eb9a59e5767f.jpg 1280w\" sizes=\"(max-width: 1024px) 100vw, 1024px\" \/><\/figure><\/li><li class=\"wp-block-jetpack-slideshow_slide swiper-slide\"><figure><img loading=\"lazy\" decoding=\"async\" width=\"1024\" height=\"765\" alt=\"\" class=\"wp-block-jetpack-slideshow_image wp-image-13387\" data-id=\"13387\" src=\"http:\/\/enteculturalsantafesino.com.ar\/usina3\/wp-content\/uploads\/2020\/09\/c41bca5f-e042-4593-8f63-6ef326a85017-1024x765.jpg\" srcset=\"http:\/\/enteculturalsantafesino.com.ar\/usina3\/wp-content\/uploads\/2020\/09\/c41bca5f-e042-4593-8f63-6ef326a85017-1024x765.jpg 1024w, http:\/\/enteculturalsantafesino.com.ar\/usina3\/wp-content\/uploads\/2020\/09\/c41bca5f-e042-4593-8f63-6ef326a85017-300x224.jpg 300w, http:\/\/enteculturalsantafesino.com.ar\/usina3\/wp-content\/uploads\/2020\/09\/c41bca5f-e042-4593-8f63-6ef326a85017-768x574.jpg 768w, http:\/\/enteculturalsantafesino.com.ar\/usina3\/wp-content\/uploads\/2020\/09\/c41bca5f-e042-4593-8f63-6ef326a85017.jpg 1280w\" sizes=\"(max-width: 1024px) 100vw, 1024px\" \/><\/figure><\/li><li class=\"wp-block-jetpack-slideshow_slide swiper-slide\"><figure><img loading=\"lazy\" decoding=\"async\" width=\"765\" height=\"1024\" alt=\"\" class=\"wp-block-jetpack-slideshow_image wp-image-13386\" data-id=\"13386\" src=\"http:\/\/enteculturalsantafesino.com.ar\/usina3\/wp-content\/uploads\/2020\/09\/6e3a030c-917d-4e38-bdc7-8879a8d7eea3-765x1024.jpg\" srcset=\"http:\/\/enteculturalsantafesino.com.ar\/usina3\/wp-content\/uploads\/2020\/09\/6e3a030c-917d-4e38-bdc7-8879a8d7eea3-765x1024.jpg 765w, http:\/\/enteculturalsantafesino.com.ar\/usina3\/wp-content\/uploads\/2020\/09\/6e3a030c-917d-4e38-bdc7-8879a8d7eea3-224x300.jpg 224w, http:\/\/enteculturalsantafesino.com.ar\/usina3\/wp-content\/uploads\/2020\/09\/6e3a030c-917d-4e38-bdc7-8879a8d7eea3-768x1028.jpg 768w, http:\/\/enteculturalsantafesino.com.ar\/usina3\/wp-content\/uploads\/2020\/09\/6e3a030c-917d-4e38-bdc7-8879a8d7eea3.jpg 956w\" sizes=\"(max-width: 765px) 100vw, 765px\" \/><\/figure><\/li><\/ul><a class=\"wp-block-jetpack-slideshow_button-prev swiper-button-prev swiper-button-white\" role=\"button\"><\/a><a class=\"wp-block-jetpack-slideshow_button-next swiper-button-next swiper-button-white\" role=\"button\"><\/a><a aria-label=\"Pause Slideshow\" class=\"wp-block-jetpack-slideshow_button-pause\" role=\"button\"><\/a><div class=\"wp-block-jetpack-slideshow_pagination swiper-pagination swiper-pagination-white\"><\/div><\/div><\/div>\n\n\n\n<ul><li>Distanciamiento social.<\/li><li>Qu\u00e9date en casa.<\/li><li>Lavarse las manos con frecuencia.<\/li><\/ul>\n\n\n\n<p>El&nbsp;<strong>Presidente del ECS Franco Pietrani&nbsp;<\/strong>manifest\u00f3 su satisfacci\u00f3n de iniciar esta nueva propuesta que se ir\u00e1 enriqueciendo con el recorrido por las distintas comunidades que conforman a las Usinas Culturales.<\/p>\n\n\n\n<p><em>\u00abEsta muestra no solo nos permite promover el talento de nuestros artistas pl\u00e1sticos sino tambi\u00e9n refleja el momento hist\u00f3rico que nos encontramos viviendo a nivel mundial\u00bb.<\/em><\/p>\n\n\n\n<p><strong>Esta exposici\u00f3n tiene como objeto reflejar la tem\u00e1tica relacionada a la pandemia, expresada en los trazos de talentosos artistas pl\u00e1sticos que se ir\u00e1n sumando en cada una de las comunidades adheridas al Ente Cultural Santafesino.<\/strong><\/p>\n","protected":false},"excerpt":{"rendered":"<p>Del 28 al 2 de octubre en las instalaciones del Banco Credicoop, en el marco de los [&hellip;]<\/p>\n","protected":false},"author":3,"featured_media":13389,"comment_status":"open","ping_status":"open","sticky":false,"template":"","format":"standard","meta":{"_jetpack_memberships_contains_paid_content":false,"footnotes":"","jetpack_publicize_message":"","jetpack_publicize_feature_enabled":true,"jetpack_social_post_already_shared":true,"jetpack_social_options":{"image_generator_settings":{"template":"highway","enabled":false}}},"categories":[44,4],"tags":[],"jetpack_publicize_connections":[],"jetpack_featured_media_url":"http:\/\/enteculturalsantafesino.com.ar\/usina3\/wp-content\/uploads\/2020\/09\/f0e9a7fd-f029-4244-aeb4-caac5673beab.jpg","jetpack_sharing_enabled":true,"_links":{"self":[{"href":"http:\/\/enteculturalsantafesino.com.ar\/usina3\/wp-json\/wp\/v2\/posts\/13385"}],"collection":[{"href":"http:\/\/enteculturalsantafesino.com.ar\/usina3\/wp-json\/wp\/v2\/posts"}],"about":[{"href":"http:\/\/enteculturalsantafesino.com.ar\/usina3\/wp-json\/wp\/v2\/types\/post"}],"author":[{"embeddable":true,"href":"http:\/\/enteculturalsantafesino.com.ar\/usina3\/wp-json\/wp\/v2\/users\/3"}],"replies":[{"embeddable":true,"href":"http:\/\/enteculturalsantafesino.com.ar\/usina3\/wp-json\/wp\/v2\/comments?post=13385"}],"version-history":[{"count":1,"href":"http:\/\/enteculturalsantafesino.com.ar\/usina3\/wp-json\/wp\/v2\/posts\/13385\/revisions"}],"predecessor-version":[{"id":13390,"href":"http:\/\/enteculturalsantafesino.com.ar\/usina3\/wp-json\/wp\/v2\/posts\/13385\/revisions\/13390"}],"wp:featuredmedia":[{"embeddable":true,"href":"http:\/\/enteculturalsantafesino.com.ar\/usina3\/wp-json\/wp\/v2\/media\/13389"}],"wp:attachment":[{"href":"http:\/\/enteculturalsantafesino.com.ar\/usina3\/wp-json\/wp\/v2\/media?parent=13385"}],"wp:term":[{"taxonomy":"category","embeddable":true,"href":"http:\/\/enteculturalsantafesino.com.ar\/usina3\/wp-json\/wp\/v2\/categories?post=13385"},{"taxonomy":"post_tag","embeddable":true,"href":"http:\/\/enteculturalsantafesino.com.ar\/usina3\/wp-json\/wp\/v2\/tags?post=13385"}],"curies":[{"name":"wp","href":"https:\/\/api.w.org\/{rel}","templated":true}]}}