{"id":13392,"date":"2020-10-10T06:15:11","date_gmt":"2020-10-10T06:15:11","guid":{"rendered":"http:\/\/enteculturalsantafesino.com.ar\/usina3\/?p=13392"},"modified":"2020-10-10T07:11:10","modified_gmt":"2020-10-10T07:11:10","slug":"maravilloso-inicio-del-ciclo-virtual-clave-de-cuento-junto-a-jovenes-santafesinos","status":"publish","type":"post","link":"http:\/\/enteculturalsantafesino.com.ar\/usina3\/2020\/10\/maravilloso-inicio-del-ciclo-virtual-clave-de-cuento-junto-a-jovenes-santafesinos\/","title":{"rendered":"Maravilloso inicio del ciclo virtual \u00abClave de Cuento\u00bb junto a j\u00f3venes santafesinos"},"content":{"rendered":"\n<p>El \u00faltimo<strong> viernes 9 <\/strong>desde la <strong>19 hs <\/strong>desde plataforma virtual, dio inicio el ciclo <strong>\u00abClave Cuento\u00bb<\/strong> con la finalidad de promover y difundir la lectura a trav\u00e9s de j\u00f3venes de distintos puntos geogr\u00e1ficos de nuestra provincia.<\/p>\n\n\n\n<p><em>Mirella Rivero (Centeno), Francisco Dominio (Bella Italia), Julieta Machuca (Godeken), F\u00e1tima Crespo (Recreo), Valentino Zamora (Ambrosetti), Pilar Ojeda (Tostado) y Abigail Vogel (Malabrigo)<\/em>\u00a0fueron los primeros j\u00f3venes protagonistas que llegaron desde sus comunidades, para expresarse a trav\u00e9s de sus obras literarias, publicadas en el libro\u00a0<strong>\u00abClave de Cuento\u00bb<\/strong><\/p>\n\n\n\n<p><strong>\u00abClave de Cuento\u00bb<\/strong>\u00a0es un programa gestado por el\u00a0<strong>Ente Cultural Santafesino<\/strong>\u00a0y auspiciado por\u00a0<strong>Claudia Giaccone<\/strong>\u00a0desde el a\u00f1o 2013 en donde ni\u00f1os y j\u00f3venes santafesinos se fueron sumando en ocho ediciones literarias distribuidas a lo largo y ancho de la provincia.<\/p>\n\n\n\n<p><em>\u00abEsta nueva actividad sin lugar a dudas nos gener\u00f3 much\u00edsima emoci\u00f3n como as\u00ed tambi\u00e9n<\/em><strong> <\/strong>el reconocimiento al trabajo realizado durante estos doce a\u00f1os, se\u00f1al\u00f3 <strong>Franco Pietrani -Presidente del Ente Cultural Santafesino<\/strong><\/p>\n\n\n\n<p><em>\u00abHoy nos encontramos en un momento muy especial y observar como seguimos uniendo a nuestra provincia<\/em>, <em>nos permite seguir so\u00f1ando desde las nuevas generaciones; con m\u00e1s de 1500 escritores ni\u00f1os y j\u00f3venes que se expresaron y quedaron asentados en libros distribuidos en todo el territorio\u00bb<\/em>, finaliz\u00f3 Pietrani<\/p>\n\n\n\n<p><strong>Todos los viernes desde las 19hs, siete j\u00f3venes de distintos puntos santafesinos, representar\u00e1n a las Usinas Culturales; fortaleciendo el v\u00ednculo cultural, gestados en la literatura<\/strong>.<\/p>\n","protected":false},"excerpt":{"rendered":"<p>El \u00faltimo viernes 9 desde la 19 hs desde plataforma virtual, dio inicio el ciclo \u00abClave Cuento\u00bb [&hellip;]<\/p>\n","protected":false},"author":3,"featured_media":13393,"comment_status":"open","ping_status":"open","sticky":false,"template":"","format":"standard","meta":{"_jetpack_memberships_contains_paid_content":false,"footnotes":"","jetpack_publicize_message":"","jetpack_publicize_feature_enabled":true,"jetpack_social_post_already_shared":true,"jetpack_social_options":{"image_generator_settings":{"template":"highway","enabled":false}}},"categories":[4],"tags":[],"jetpack_publicize_connections":[],"jetpack_featured_media_url":"http:\/\/enteculturalsantafesino.com.ar\/usina3\/wp-content\/uploads\/2020\/10\/cc96d1dd-7b4d-4c39-b61a-613e5eea9427.jpg","jetpack_sharing_enabled":true,"_links":{"self":[{"href":"http:\/\/enteculturalsantafesino.com.ar\/usina3\/wp-json\/wp\/v2\/posts\/13392"}],"collection":[{"href":"http:\/\/enteculturalsantafesino.com.ar\/usina3\/wp-json\/wp\/v2\/posts"}],"about":[{"href":"http:\/\/enteculturalsantafesino.com.ar\/usina3\/wp-json\/wp\/v2\/types\/post"}],"author":[{"embeddable":true,"href":"http:\/\/enteculturalsantafesino.com.ar\/usina3\/wp-json\/wp\/v2\/users\/3"}],"replies":[{"embeddable":true,"href":"http:\/\/enteculturalsantafesino.com.ar\/usina3\/wp-json\/wp\/v2\/comments?post=13392"}],"version-history":[{"count":3,"href":"http:\/\/enteculturalsantafesino.com.ar\/usina3\/wp-json\/wp\/v2\/posts\/13392\/revisions"}],"predecessor-version":[{"id":13397,"href":"http:\/\/enteculturalsantafesino.com.ar\/usina3\/wp-json\/wp\/v2\/posts\/13392\/revisions\/13397"}],"wp:featuredmedia":[{"embeddable":true,"href":"http:\/\/enteculturalsantafesino.com.ar\/usina3\/wp-json\/wp\/v2\/media\/13393"}],"wp:attachment":[{"href":"http:\/\/enteculturalsantafesino.com.ar\/usina3\/wp-json\/wp\/v2\/media?parent=13392"}],"wp:term":[{"taxonomy":"category","embeddable":true,"href":"http:\/\/enteculturalsantafesino.com.ar\/usina3\/wp-json\/wp\/v2\/categories?post=13392"},{"taxonomy":"post_tag","embeddable":true,"href":"http:\/\/enteculturalsantafesino.com.ar\/usina3\/wp-json\/wp\/v2\/tags?post=13392"}],"curies":[{"name":"wp","href":"https:\/\/api.w.org\/{rel}","templated":true}]}}