{"id":13624,"date":"2021-08-08T23:42:59","date_gmt":"2021-08-08T23:42:59","guid":{"rendered":"http:\/\/enteculturalsantafesino.com.ar\/usina3\/?p=13624"},"modified":"2021-08-08T23:56:52","modified_gmt":"2021-08-08T23:56:52","slug":"el-ente-cultural-se-reunio-en-la-biblioteca-argentina-de-rosario","status":"publish","type":"post","link":"http:\/\/enteculturalsantafesino.com.ar\/usina3\/2021\/08\/el-ente-cultural-se-reunio-en-la-biblioteca-argentina-de-rosario\/","title":{"rendered":"El Ente Cultural se reuni\u00f3 en la Biblioteca Argentina de Rosario"},"content":{"rendered":"\n<p>Durante la tarde del \u00faltimo <strong>lunes 9<\/strong> en las instalaciones de la <strong>Biblioteca Argentina Dr. Juan \u00c1lvarez<\/strong> de la ciudad de <strong>Rosario<\/strong>; se reunieron integrantes de la <strong>Usina III (norte)<\/strong> y<strong> Directores de las Usinas Culturales <\/strong>del centro &#8211; sur santafesino.<\/p>\n\n\n\n<p>De la jornada tambi\u00e9n formaron parte el<strong> Presidente del Ente Cultural Santafesino Claudio Pellegrini<\/strong> y<strong> Claudia Giaccone<\/strong>, madrina de dicho espacio cultural.<\/p>\n\n\n\n<p>Este encuentro cultural permiti\u00f3 proyectar y organizar la presentaci\u00f3n del libro <strong>\u00abClave de Cuento 2020\u00bb <\/strong>el cual posibilitar\u00e1 la entrega de la s\u00e9ptima edici\u00f3n del libro que homenaje\u00f3 al General Manuel Belgrano.<\/p>\n\n\n\n<p>Adem\u00e1s se abord\u00f3 sobre la implementaci\u00f3n del programa <strong>\u00abEl Santafesino\u00bb<\/strong> que comenzar\u00e1n durante el mes de septiembre las instancias locales en m\u00e1s de un centenar de localidades.<\/p>\n\n\n\n<p>El<strong> Presidente del Ente Cultural Santafesino <\/strong>manifest\u00f3 que estos encuentros nos permitir\u00e1n anunciar y organizar el avance de los programas en la segunda etapa del 2021.<\/p>\n\n\n\n<p>Tambien agradeci\u00f3 la presencia de <strong>Claudia Giaccone <\/strong>quien es un eslab\u00f3n fundamental de este proyecto colectivo y pluralista de la provincia de Santa Fe.<\/p>\n\n\n\n<p>Por su parte Giaccone resalt\u00f3 el trabajo constante que se lleva adelante desde hace 13 a\u00f1os. <em>\u00abEl Ente Cultural Santafesino es un modelo \u00fanico que fortalece con acciones permanentes el quehacer cultural de nuestra provincia\u00bb.<\/em><\/p>\n\n\n\n<p>Por \u00faltimo anunci\u00f3 la presentaci\u00f3n del libro <strong>\u00abClave de Cuento 2020\u00bb<\/strong> en tres puntos geogr\u00e1ficos de la provincia y la concreci\u00f3n de programas relacionados a <strong>\u00abLos Caminos del Acorde\u00f3n\u00bb<\/strong><\/p>\n","protected":false},"excerpt":{"rendered":"<p>Durante la tarde del \u00faltimo lunes 9 en las instalaciones de la Biblioteca Argentina Dr. Juan \u00c1lvarez [&hellip;]<\/p>\n","protected":false},"author":3,"featured_media":13625,"comment_status":"open","ping_status":"open","sticky":false,"template":"","format":"standard","meta":{"_jetpack_memberships_contains_paid_content":false,"footnotes":"","jetpack_publicize_message":"","jetpack_publicize_feature_enabled":true,"jetpack_social_post_already_shared":true,"jetpack_social_options":{"image_generator_settings":{"template":"highway","enabled":false}}},"categories":[4],"tags":[],"jetpack_publicize_connections":[],"jetpack_featured_media_url":"http:\/\/enteculturalsantafesino.com.ar\/usina3\/wp-content\/uploads\/2021\/08\/f0750ae1-eaa9-4240-bdd4-53dc446290c5.jpg","jetpack_sharing_enabled":true,"_links":{"self":[{"href":"http:\/\/enteculturalsantafesino.com.ar\/usina3\/wp-json\/wp\/v2\/posts\/13624"}],"collection":[{"href":"http:\/\/enteculturalsantafesino.com.ar\/usina3\/wp-json\/wp\/v2\/posts"}],"about":[{"href":"http:\/\/enteculturalsantafesino.com.ar\/usina3\/wp-json\/wp\/v2\/types\/post"}],"author":[{"embeddable":true,"href":"http:\/\/enteculturalsantafesino.com.ar\/usina3\/wp-json\/wp\/v2\/users\/3"}],"replies":[{"embeddable":true,"href":"http:\/\/enteculturalsantafesino.com.ar\/usina3\/wp-json\/wp\/v2\/comments?post=13624"}],"version-history":[{"count":2,"href":"http:\/\/enteculturalsantafesino.com.ar\/usina3\/wp-json\/wp\/v2\/posts\/13624\/revisions"}],"predecessor-version":[{"id":13627,"href":"http:\/\/enteculturalsantafesino.com.ar\/usina3\/wp-json\/wp\/v2\/posts\/13624\/revisions\/13627"}],"wp:featuredmedia":[{"embeddable":true,"href":"http:\/\/enteculturalsantafesino.com.ar\/usina3\/wp-json\/wp\/v2\/media\/13625"}],"wp:attachment":[{"href":"http:\/\/enteculturalsantafesino.com.ar\/usina3\/wp-json\/wp\/v2\/media?parent=13624"}],"wp:term":[{"taxonomy":"category","embeddable":true,"href":"http:\/\/enteculturalsantafesino.com.ar\/usina3\/wp-json\/wp\/v2\/categories?post=13624"},{"taxonomy":"post_tag","embeddable":true,"href":"http:\/\/enteculturalsantafesino.com.ar\/usina3\/wp-json\/wp\/v2\/tags?post=13624"}],"curies":[{"name":"wp","href":"https:\/\/api.w.org\/{rel}","templated":true}]}}