{"id":13670,"date":"2021-10-01T06:17:16","date_gmt":"2021-10-01T06:17:16","guid":{"rendered":"http:\/\/enteculturalsantafesino.com.ar\/usina3\/?p=13670"},"modified":"2021-10-01T06:17:19","modified_gmt":"2021-10-01T06:17:19","slug":"se-presento-la-historia-cantada-de-la-invencible-santa-fe-en-rosario","status":"publish","type":"post","link":"http:\/\/enteculturalsantafesino.com.ar\/usina3\/2021\/10\/se-presento-la-historia-cantada-de-la-invencible-santa-fe-en-rosario\/","title":{"rendered":"Se present\u00f3 la \u00abHistoria Cantada de la Invencible Santa Fe\u00bb en Rosario"},"content":{"rendered":"\n<p>Este <strong>viernes 1 de octubre<\/strong> se present\u00f3 en el <strong>Centro Cultural Roberto Fontanarrosa <\/strong>de la ciudad de <strong>Rosario<\/strong> la <strong>\u00abHistoria Cantada de la Invencible Santa Fe\u00bb.<\/strong><\/p>\n\n\n\n<p>La misma cont\u00f3 con la organizaci\u00f3n de <strong>\u00abNuevas Ra\u00edces\u00bb <\/strong>y el acompa\u00f1amiento del <strong>Ente Cultural Santafesino<\/strong> <\/p>\n\n\n\n<p><strong>\u201cLa Historia Cantada de la Invencible Santa Fe\u201d <\/strong>pertenece al m\u00fasico y compositor Diego Zalazar la cual es una producci\u00f3n musical dividida en cap\u00edtulos, que cuenta los hitos y personajes m\u00e1s sobresalientes de la historia de nuestra provincia. Entre los hechos y figuras que se destacan, aparecen <em>La Forestal, El Villazo, El Grito de Alcorta, La Batalla de Pav\u00f3n, la Batalla de San Lorenzo, los Granaderos a Caballo, Manuel Belgrano y la creaci\u00f3n de la Bandera, el Brigadier Estanislao L\u00f3pez, Olga y Leticia Cossettini, el misionero jesuita Florian Paucke<\/em>, entre otros.<\/p>\n\n\n\n<p>La jornada cont\u00f3 con la presencia de la<strong> Lic. Claudia Giaccone<\/strong> (madrina del Ente Cultural Santafesino) quien hizo entrega de la Declaraci\u00f3n de Inter\u00e9s por la C\u00e1mara de Diputados presentada por el <strong>Diputado provincial Oscar Mart\u00ednez.<\/strong><\/p>\n\n\n\n<p>Giaccone destac\u00f3 el trabajo realizado por el m\u00fasico oriundo de Empalme Constituci\u00f3n y agradeci\u00f3 la recepci\u00f3n por parte de la entidad <strong>Nuevas Ra\u00edces<\/strong> presidida por el presidente Dr. Juan Bautista Barbato.<\/p>\n\n\n\n<figure class=\"wp-block-gallery columns-4 is-cropped wp-block-gallery-1 is-layout-flex wp-block-gallery-is-layout-flex\"><ul class=\"blocks-gallery-grid\"><li class=\"blocks-gallery-item\"><figure><img loading=\"lazy\" decoding=\"async\" width=\"1024\" height=\"768\" src=\"http:\/\/enteculturalsantafesino.com.ar\/usina3\/wp-content\/uploads\/2021\/10\/788175c7-eff0-41b5-88e9-7ee231f06ad2-1024x768.jpg\" alt=\"\" data-id=\"13673\" data-full-url=\"http:\/\/enteculturalsantafesino.com.ar\/usina3\/wp-content\/uploads\/2021\/10\/788175c7-eff0-41b5-88e9-7ee231f06ad2.jpg\" data-link=\"http:\/\/enteculturalsantafesino.com.ar\/usina3\/?attachment_id=13673\" class=\"wp-image-13673\" srcset=\"http:\/\/enteculturalsantafesino.com.ar\/usina3\/wp-content\/uploads\/2021\/10\/788175c7-eff0-41b5-88e9-7ee231f06ad2-1024x768.jpg 1024w, http:\/\/enteculturalsantafesino.com.ar\/usina3\/wp-content\/uploads\/2021\/10\/788175c7-eff0-41b5-88e9-7ee231f06ad2-300x225.jpg 300w, http:\/\/enteculturalsantafesino.com.ar\/usina3\/wp-content\/uploads\/2021\/10\/788175c7-eff0-41b5-88e9-7ee231f06ad2-768x576.jpg 768w, http:\/\/enteculturalsantafesino.com.ar\/usina3\/wp-content\/uploads\/2021\/10\/788175c7-eff0-41b5-88e9-7ee231f06ad2.jpg 1280w\" sizes=\"(max-width: 1024px) 100vw, 1024px\" \/><\/figure><\/li><li class=\"blocks-gallery-item\"><figure><img loading=\"lazy\" decoding=\"async\" width=\"1024\" height=\"768\" src=\"http:\/\/enteculturalsantafesino.com.ar\/usina3\/wp-content\/uploads\/2021\/10\/1dab21e5-9646-4ed3-9ba8-82aeba3947fe-1024x768.jpg\" alt=\"\" data-id=\"13672\" data-full-url=\"http:\/\/enteculturalsantafesino.com.ar\/usina3\/wp-content\/uploads\/2021\/10\/1dab21e5-9646-4ed3-9ba8-82aeba3947fe.jpg\" data-link=\"http:\/\/enteculturalsantafesino.com.ar\/usina3\/?attachment_id=13672\" class=\"wp-image-13672\" srcset=\"http:\/\/enteculturalsantafesino.com.ar\/usina3\/wp-content\/uploads\/2021\/10\/1dab21e5-9646-4ed3-9ba8-82aeba3947fe-1024x768.jpg 1024w, http:\/\/enteculturalsantafesino.com.ar\/usina3\/wp-content\/uploads\/2021\/10\/1dab21e5-9646-4ed3-9ba8-82aeba3947fe-300x225.jpg 300w, http:\/\/enteculturalsantafesino.com.ar\/usina3\/wp-content\/uploads\/2021\/10\/1dab21e5-9646-4ed3-9ba8-82aeba3947fe-768x576.jpg 768w, http:\/\/enteculturalsantafesino.com.ar\/usina3\/wp-content\/uploads\/2021\/10\/1dab21e5-9646-4ed3-9ba8-82aeba3947fe.jpg 1280w\" sizes=\"(max-width: 1024px) 100vw, 1024px\" \/><\/figure><\/li><li class=\"blocks-gallery-item\"><figure><img loading=\"lazy\" decoding=\"async\" width=\"1024\" height=\"768\" src=\"http:\/\/enteculturalsantafesino.com.ar\/usina3\/wp-content\/uploads\/2021\/10\/c0f20179-16bb-4b0e-a3ae-896a1942067c-1024x768.jpg\" alt=\"\" data-id=\"13674\" data-full-url=\"http:\/\/enteculturalsantafesino.com.ar\/usina3\/wp-content\/uploads\/2021\/10\/c0f20179-16bb-4b0e-a3ae-896a1942067c.jpg\" data-link=\"http:\/\/enteculturalsantafesino.com.ar\/usina3\/?attachment_id=13674\" class=\"wp-image-13674\" srcset=\"http:\/\/enteculturalsantafesino.com.ar\/usina3\/wp-content\/uploads\/2021\/10\/c0f20179-16bb-4b0e-a3ae-896a1942067c-1024x768.jpg 1024w, http:\/\/enteculturalsantafesino.com.ar\/usina3\/wp-content\/uploads\/2021\/10\/c0f20179-16bb-4b0e-a3ae-896a1942067c-300x225.jpg 300w, http:\/\/enteculturalsantafesino.com.ar\/usina3\/wp-content\/uploads\/2021\/10\/c0f20179-16bb-4b0e-a3ae-896a1942067c-768x576.jpg 768w, http:\/\/enteculturalsantafesino.com.ar\/usina3\/wp-content\/uploads\/2021\/10\/c0f20179-16bb-4b0e-a3ae-896a1942067c.jpg 1280w\" sizes=\"(max-width: 1024px) 100vw, 1024px\" \/><\/figure><\/li><li class=\"blocks-gallery-item\"><figure><img loading=\"lazy\" decoding=\"async\" width=\"1024\" height=\"768\" src=\"http:\/\/enteculturalsantafesino.com.ar\/usina3\/wp-content\/uploads\/2021\/10\/12927a60-c7f9-4e95-9916-7e297c61a2a2-1024x768.jpg\" alt=\"\" data-id=\"13671\" data-full-url=\"http:\/\/enteculturalsantafesino.com.ar\/usina3\/wp-content\/uploads\/2021\/10\/12927a60-c7f9-4e95-9916-7e297c61a2a2.jpg\" data-link=\"http:\/\/enteculturalsantafesino.com.ar\/usina3\/?attachment_id=13671\" class=\"wp-image-13671\" srcset=\"http:\/\/enteculturalsantafesino.com.ar\/usina3\/wp-content\/uploads\/2021\/10\/12927a60-c7f9-4e95-9916-7e297c61a2a2-1024x768.jpg 1024w, http:\/\/enteculturalsantafesino.com.ar\/usina3\/wp-content\/uploads\/2021\/10\/12927a60-c7f9-4e95-9916-7e297c61a2a2-300x225.jpg 300w, http:\/\/enteculturalsantafesino.com.ar\/usina3\/wp-content\/uploads\/2021\/10\/12927a60-c7f9-4e95-9916-7e297c61a2a2-768x576.jpg 768w, http:\/\/enteculturalsantafesino.com.ar\/usina3\/wp-content\/uploads\/2021\/10\/12927a60-c7f9-4e95-9916-7e297c61a2a2.jpg 1280w\" sizes=\"(max-width: 1024px) 100vw, 1024px\" \/><\/figure><\/li><\/ul><\/figure>\n\n\n\n<p>Zalazar remarc\u00f3 que la obra tiene fines pedag\u00f3gicos, adem\u00e1s de los estrictamente art\u00edsticos, ya que espera poder ofrecerla en instituciones educativas a lo largo y ancho de toda la provincia. Explic\u00f3 que este trabajo <em>\u201cpretende resaltar la idiosincrasia, la cultura, la historia de nuestro pueblo, promoviendo el amor por nuestra patria chica; teniendo como fundamento la consigna que \u00abno se puede amar lo que no se conoce, y por ende, no se puede cuidar lo que no se ama\u00bb\u201d<\/em>.<\/p>\n","protected":false},"excerpt":{"rendered":"<p>Este viernes 1 de octubre se present\u00f3 en el Centro Cultural Roberto Fontanarrosa de la ciudad de [&hellip;]<\/p>\n","protected":false},"author":3,"featured_media":13671,"comment_status":"open","ping_status":"open","sticky":false,"template":"","format":"standard","meta":{"_jetpack_memberships_contains_paid_content":false,"footnotes":"","jetpack_publicize_message":"","jetpack_publicize_feature_enabled":true,"jetpack_social_post_already_shared":true,"jetpack_social_options":{"image_generator_settings":{"template":"highway","enabled":false}}},"categories":[4],"tags":[],"jetpack_publicize_connections":[],"jetpack_featured_media_url":"http:\/\/enteculturalsantafesino.com.ar\/usina3\/wp-content\/uploads\/2021\/10\/12927a60-c7f9-4e95-9916-7e297c61a2a2.jpg","jetpack_sharing_enabled":true,"_links":{"self":[{"href":"http:\/\/enteculturalsantafesino.com.ar\/usina3\/wp-json\/wp\/v2\/posts\/13670"}],"collection":[{"href":"http:\/\/enteculturalsantafesino.com.ar\/usina3\/wp-json\/wp\/v2\/posts"}],"about":[{"href":"http:\/\/enteculturalsantafesino.com.ar\/usina3\/wp-json\/wp\/v2\/types\/post"}],"author":[{"embeddable":true,"href":"http:\/\/enteculturalsantafesino.com.ar\/usina3\/wp-json\/wp\/v2\/users\/3"}],"replies":[{"embeddable":true,"href":"http:\/\/enteculturalsantafesino.com.ar\/usina3\/wp-json\/wp\/v2\/comments?post=13670"}],"version-history":[{"count":1,"href":"http:\/\/enteculturalsantafesino.com.ar\/usina3\/wp-json\/wp\/v2\/posts\/13670\/revisions"}],"predecessor-version":[{"id":13675,"href":"http:\/\/enteculturalsantafesino.com.ar\/usina3\/wp-json\/wp\/v2\/posts\/13670\/revisions\/13675"}],"wp:featuredmedia":[{"embeddable":true,"href":"http:\/\/enteculturalsantafesino.com.ar\/usina3\/wp-json\/wp\/v2\/media\/13671"}],"wp:attachment":[{"href":"http:\/\/enteculturalsantafesino.com.ar\/usina3\/wp-json\/wp\/v2\/media?parent=13670"}],"wp:term":[{"taxonomy":"category","embeddable":true,"href":"http:\/\/enteculturalsantafesino.com.ar\/usina3\/wp-json\/wp\/v2\/categories?post=13670"},{"taxonomy":"post_tag","embeddable":true,"href":"http:\/\/enteculturalsantafesino.com.ar\/usina3\/wp-json\/wp\/v2\/tags?post=13670"}],"curies":[{"name":"wp","href":"https:\/\/api.w.org\/{rel}","templated":true}]}}