{"id":13726,"date":"2021-11-01T22:28:13","date_gmt":"2021-11-01T22:28:13","guid":{"rendered":"http:\/\/enteculturalsantafesino.com.ar\/usina3\/?p=13726"},"modified":"2021-11-02T00:04:40","modified_gmt":"2021-11-02T00:04:40","slug":"las-fuerzas-del-acordeon-tuvo-su-primer-ensayo-en-el-liceo-militar-de-funes","status":"publish","type":"post","link":"http:\/\/enteculturalsantafesino.com.ar\/usina3\/2021\/11\/las-fuerzas-del-acordeon-tuvo-su-primer-ensayo-en-el-liceo-militar-de-funes\/","title":{"rendered":"\u00abLas Fuerzas del Acorde\u00f3n\u00bb tuvo su primer ensayo en el Liceo Militar de Funes"},"content":{"rendered":"\n<p>Durante la tarde del <strong>martes 2<\/strong> en el <strong>Liceo Aeron\u00e1utico Militar <\/strong>de la ciudad de <strong>Funes<\/strong> se llev\u00f3 a cabo el primer ensayo de <strong>\u00abLas Fuerzas del Acorde\u00f3n\u00bb<\/strong><\/p>\n\n\n\n<p>A trav\u00e9s del programa <strong>\u201cLos Caminos del Acorde\u00f3n\u201d<\/strong> y sus participantes, el <strong>Ente Cultural Santafesino<\/strong> junto al<strong> Ministerio de Defensa de la Naci\u00f3n <\/strong>ponen en marcha este ciclo en donde acordeonistas santafesinos comparten escenario con bandas y orquestas militares, los regimientos y Liceos de los distintos puntos santafesinos.<\/p>\n\n\n\n<p>La presentaci\u00f3n oficial ser\u00e1 el <strong>martes 16 <\/strong>a partir de las <strong>19hs <\/strong>en el<strong> Liceo  Aeron\u00e1utico Militar de Funes<\/strong> junto a la <strong>Banda Militar de M\u00fasica \u00abCabo Teodoro Fels\u00bb<\/strong>. La misma ser\u00e1 registrada en un audiovisual y difundida en las redes del <strong>Ministerio de Defensa de la Naci\u00f3n<\/strong> y el<strong> Ente Cultural Santafesino<\/strong><\/p>\n\n\n\n<p>En este primer encuentro se hicieron presentes: <em>Diego Araya (San Martin de las Escobas), Priscila Gonzalez (Tortugas), Beto Ferreyra (Arroyo Seco), Agust\u00edn Fakelmann (Hughes) y Cesar Here\u00f1u (Casilda)<\/em>; quienes ser\u00e1n los responsables junto a la <strong>Banda Militar de M\u00fasica \u00abCabo Teodoro Fels\u00bb<\/strong> de poner en marcha esta  propuesta gestionada durante el mes de diciembre de 2019.<\/p>\n\n\n\n<p>El <strong>Presidente del Ente Cultural Santafesino Claudio Pellegrini<\/strong>, manifest\u00f3 su satisfacci\u00f3n de llegar a este momento el cual se hab\u00eda proyectado desde hace tiempo. <em>\u00abHoy nos encontramos con toda la disponibilidad por parte del Ministerio de Defensa de la Naci\u00f3n como as\u00ed tambi\u00e9n con la emoci\u00f3n de nuestros m\u00fasicos quienes  pueden vivir una experiencia unica\u00bb.<\/em><\/p>\n\n\n\n<p><em>Claudia Giaccone<\/em> &#8211; madrina del Ente Cultural- se hizo presente en el primer ensayo y agradeci\u00f3 a los integrantes de la Banda Militar y a su director  <strong>Capit\u00e1n H\u00e9ctor Juan Pablo Del Maestro.<\/strong><\/p>\n\n\n\n<p>Giaccone rescat\u00f3 la predisposici\u00f3n por parte del Ministerio de Defensa destacando el trabajo impulsado desde el el primer momento por Agust\u00edn Rossi y hoy llevado adelante por Jorge Taiana.<\/p>\n\n\n\n<p><em>\u00abQue nuestros m\u00fasicos puedan vivir estas experiencias y el Ministerio de Defensa de la Naci\u00f3n genere estas aperturas, nos posibilitan crear puentes entre la sociedad y nuestras Fuerzas Armadas\u00bb<\/em><\/p>\n\n\n\n<p><strong>La m\u00fasica es una herramienta transformadora y a la vez un lenguaje universal, se constituye en uno de los mecanismos m\u00e1s adecuados para fomentar el nuevo rol de las fuerzas armadas en la sociedad argentina.<\/strong><\/p>\n\n\n\n<p><strong>Cada encuentro propone a m\u00fasicos militares compartiendo escenario con Acordeonistas y artistas, interpretando canciones del repertorio popular, invitando al p\u00fablico a interactuar, en un ambiente distendido de intercambio, de respeto mutuo por las diferencias, inclusi\u00f3n e integraci\u00f3n.<\/strong><\/p>\n","protected":false},"excerpt":{"rendered":"<p>Durante la tarde del martes 2 en el Liceo Aeron\u00e1utico Militar de la ciudad de Funes se [&hellip;]<\/p>\n","protected":false},"author":3,"featured_media":13732,"comment_status":"open","ping_status":"open","sticky":false,"template":"","format":"standard","meta":{"_jetpack_memberships_contains_paid_content":false,"footnotes":"","jetpack_publicize_message":"","jetpack_publicize_feature_enabled":true,"jetpack_social_post_already_shared":true,"jetpack_social_options":{"image_generator_settings":{"template":"highway","enabled":false}}},"categories":[4],"tags":[],"jetpack_publicize_connections":[],"jetpack_featured_media_url":"http:\/\/enteculturalsantafesino.com.ar\/usina3\/wp-content\/uploads\/2021\/11\/dcf9176b-780b-4c41-8c75-7a56aff12694.jpg","jetpack_sharing_enabled":true,"_links":{"self":[{"href":"http:\/\/enteculturalsantafesino.com.ar\/usina3\/wp-json\/wp\/v2\/posts\/13726"}],"collection":[{"href":"http:\/\/enteculturalsantafesino.com.ar\/usina3\/wp-json\/wp\/v2\/posts"}],"about":[{"href":"http:\/\/enteculturalsantafesino.com.ar\/usina3\/wp-json\/wp\/v2\/types\/post"}],"author":[{"embeddable":true,"href":"http:\/\/enteculturalsantafesino.com.ar\/usina3\/wp-json\/wp\/v2\/users\/3"}],"replies":[{"embeddable":true,"href":"http:\/\/enteculturalsantafesino.com.ar\/usina3\/wp-json\/wp\/v2\/comments?post=13726"}],"version-history":[{"count":2,"href":"http:\/\/enteculturalsantafesino.com.ar\/usina3\/wp-json\/wp\/v2\/posts\/13726\/revisions"}],"predecessor-version":[{"id":13739,"href":"http:\/\/enteculturalsantafesino.com.ar\/usina3\/wp-json\/wp\/v2\/posts\/13726\/revisions\/13739"}],"wp:featuredmedia":[{"embeddable":true,"href":"http:\/\/enteculturalsantafesino.com.ar\/usina3\/wp-json\/wp\/v2\/media\/13732"}],"wp:attachment":[{"href":"http:\/\/enteculturalsantafesino.com.ar\/usina3\/wp-json\/wp\/v2\/media?parent=13726"}],"wp:term":[{"taxonomy":"category","embeddable":true,"href":"http:\/\/enteculturalsantafesino.com.ar\/usina3\/wp-json\/wp\/v2\/categories?post=13726"},{"taxonomy":"post_tag","embeddable":true,"href":"http:\/\/enteculturalsantafesino.com.ar\/usina3\/wp-json\/wp\/v2\/tags?post=13726"}],"curies":[{"name":"wp","href":"https:\/\/api.w.org\/{rel}","templated":true}]}}