{"id":13808,"date":"2021-12-11T21:21:50","date_gmt":"2021-12-11T21:21:50","guid":{"rendered":"http:\/\/enteculturalsantafesino.com.ar\/usina3\/?p=13808"},"modified":"2021-12-11T21:21:51","modified_gmt":"2021-12-11T21:21:51","slug":"dont-believe-the-truth-se-inauguro-la-muestra-del-artista-plastico-rodrigo-pavet","status":"publish","type":"post","link":"http:\/\/enteculturalsantafesino.com.ar\/usina3\/2021\/12\/dont-believe-the-truth-se-inauguro-la-muestra-del-artista-plastico-rodrigo-pavet\/","title":{"rendered":"\u00abDon&#8217;t Believe the Truth\u00bb: Se inaugur\u00f3 la muestra del Artista Pl\u00e1stico Rodrigo Pavet"},"content":{"rendered":"\n<p>La <strong>Municipalidad de Arroyo Seco<\/strong>, mediante la <strong>Secretar\u00eda de Cultura, Deportes y Educaci\u00f3n<\/strong>, inaugur\u00f3 anoche la muestra art\u00edstica del artista pl\u00e1stico <strong>Rodrigo Pavet<\/strong> denominada <strong>\u00abDon&#8217;t believe the Truth\u00bb<\/strong>, en el marco del <strong>\u00abCiclo de Muestras\u00bb <\/strong>que se desarrollan en el<strong> Centro Cultural \u00abGuillermo Furlong\u00bb<\/strong>.<\/p>\n\n\n\n<p>En la sala Ezequiela Vi\u00f1ale, ya reposa la exhibici\u00f3n formal de sus grandes trabajos.<\/p>\n","protected":false},"excerpt":{"rendered":"<p>La Municipalidad de Arroyo Seco, mediante la Secretar\u00eda de Cultura, Deportes y Educaci\u00f3n, inaugur\u00f3 anoche la muestra [&hellip;]<\/p>\n","protected":false},"author":3,"featured_media":13809,"comment_status":"open","ping_status":"open","sticky":false,"template":"","format":"standard","meta":{"_jetpack_memberships_contains_paid_content":false,"footnotes":"","jetpack_publicize_message":"","jetpack_publicize_feature_enabled":true,"jetpack_social_post_already_shared":true,"jetpack_social_options":{"image_generator_settings":{"template":"highway","enabled":false}}},"categories":[19],"tags":[],"jetpack_publicize_connections":[],"jetpack_featured_media_url":"http:\/\/enteculturalsantafesino.com.ar\/usina3\/wp-content\/uploads\/2021\/12\/265546536_4584550288248752_3434826815673637510_n.jpg","jetpack_sharing_enabled":true,"_links":{"self":[{"href":"http:\/\/enteculturalsantafesino.com.ar\/usina3\/wp-json\/wp\/v2\/posts\/13808"}],"collection":[{"href":"http:\/\/enteculturalsantafesino.com.ar\/usina3\/wp-json\/wp\/v2\/posts"}],"about":[{"href":"http:\/\/enteculturalsantafesino.com.ar\/usina3\/wp-json\/wp\/v2\/types\/post"}],"author":[{"embeddable":true,"href":"http:\/\/enteculturalsantafesino.com.ar\/usina3\/wp-json\/wp\/v2\/users\/3"}],"replies":[{"embeddable":true,"href":"http:\/\/enteculturalsantafesino.com.ar\/usina3\/wp-json\/wp\/v2\/comments?post=13808"}],"version-history":[{"count":1,"href":"http:\/\/enteculturalsantafesino.com.ar\/usina3\/wp-json\/wp\/v2\/posts\/13808\/revisions"}],"predecessor-version":[{"id":13810,"href":"http:\/\/enteculturalsantafesino.com.ar\/usina3\/wp-json\/wp\/v2\/posts\/13808\/revisions\/13810"}],"wp:featuredmedia":[{"embeddable":true,"href":"http:\/\/enteculturalsantafesino.com.ar\/usina3\/wp-json\/wp\/v2\/media\/13809"}],"wp:attachment":[{"href":"http:\/\/enteculturalsantafesino.com.ar\/usina3\/wp-json\/wp\/v2\/media?parent=13808"}],"wp:term":[{"taxonomy":"category","embeddable":true,"href":"http:\/\/enteculturalsantafesino.com.ar\/usina3\/wp-json\/wp\/v2\/categories?post=13808"},{"taxonomy":"post_tag","embeddable":true,"href":"http:\/\/enteculturalsantafesino.com.ar\/usina3\/wp-json\/wp\/v2\/tags?post=13808"}],"curies":[{"name":"wp","href":"https:\/\/api.w.org\/{rel}","templated":true}]}}