{"id":13957,"date":"2022-03-31T12:35:10","date_gmt":"2022-03-31T12:35:10","guid":{"rendered":"http:\/\/enteculturalsantafesino.com.ar\/usina3\/?p=13957"},"modified":"2022-03-31T12:35:12","modified_gmt":"2022-03-31T12:35:12","slug":"arroyo-seco-la-fanfarria-militar-alto-peru-estara-presente-en-arroyo-seco","status":"publish","type":"post","link":"http:\/\/enteculturalsantafesino.com.ar\/usina3\/2022\/03\/arroyo-seco-la-fanfarria-militar-alto-peru-estara-presente-en-arroyo-seco\/","title":{"rendered":"Arroyo Seco: La Fanfarria Militar \u00abAlto Per\u00fa\u00bb estar\u00e1 presente en Arroyo Seco"},"content":{"rendered":"\n<p>En el marco del <strong>Festival Cultural en la vigilia de Malvinas, 40 a\u00f1os<\/strong>, que se desarrollar\u00e1 el pr\u00f3ximo <strong>1\u00b0 de abril<\/strong> a partir de las 17:30hs, la <strong>Municipalidad de Arroyo Seco<\/strong> mediante la<strong> Secretar\u00eda de Cultura, Deportes y Educaci\u00f3n<\/strong>, informan que en el encuentro se presentar\u00e1 la Fanfarrias Militar \u00abAlto Per\u00fa\u00bb, acopl\u00e1ndose a las acciones conmemorativas por la hist\u00f3rica gesta gesta que cumplir\u00e1 un nuevo aniversario el pr\u00f3ximo s\u00e1bado.<\/p>\n\n\n\n<p>Nuevamente, el organismo musical del Regimiento de Granaderos a Caballo General San Mart\u00edn, estar\u00e1 presente en nuestra localidad para en este caso homenajear a los veteranos y ca\u00eddos en la guerra de Malvinas, en el primero de muchos eventos en el marco del 40\u00b0 aniversario.<\/p>\n","protected":false},"excerpt":{"rendered":"<p>En el marco del Festival Cultural en la vigilia de Malvinas, 40 a\u00f1os, que se desarrollar\u00e1 el [&hellip;]<\/p>\n","protected":false},"author":3,"featured_media":13958,"comment_status":"open","ping_status":"open","sticky":false,"template":"","format":"standard","meta":{"_jetpack_memberships_contains_paid_content":false,"footnotes":"","jetpack_publicize_message":"","jetpack_publicize_feature_enabled":true,"jetpack_social_post_already_shared":true,"jetpack_social_options":{"image_generator_settings":{"template":"highway","enabled":false}}},"categories":[19],"tags":[],"jetpack_publicize_connections":[],"jetpack_featured_media_url":"http:\/\/enteculturalsantafesino.com.ar\/usina3\/wp-content\/uploads\/2022\/03\/277536610_338610144962400_9131496796130722620_n.jpg","jetpack_sharing_enabled":true,"_links":{"self":[{"href":"http:\/\/enteculturalsantafesino.com.ar\/usina3\/wp-json\/wp\/v2\/posts\/13957"}],"collection":[{"href":"http:\/\/enteculturalsantafesino.com.ar\/usina3\/wp-json\/wp\/v2\/posts"}],"about":[{"href":"http:\/\/enteculturalsantafesino.com.ar\/usina3\/wp-json\/wp\/v2\/types\/post"}],"author":[{"embeddable":true,"href":"http:\/\/enteculturalsantafesino.com.ar\/usina3\/wp-json\/wp\/v2\/users\/3"}],"replies":[{"embeddable":true,"href":"http:\/\/enteculturalsantafesino.com.ar\/usina3\/wp-json\/wp\/v2\/comments?post=13957"}],"version-history":[{"count":1,"href":"http:\/\/enteculturalsantafesino.com.ar\/usina3\/wp-json\/wp\/v2\/posts\/13957\/revisions"}],"predecessor-version":[{"id":13959,"href":"http:\/\/enteculturalsantafesino.com.ar\/usina3\/wp-json\/wp\/v2\/posts\/13957\/revisions\/13959"}],"wp:featuredmedia":[{"embeddable":true,"href":"http:\/\/enteculturalsantafesino.com.ar\/usina3\/wp-json\/wp\/v2\/media\/13958"}],"wp:attachment":[{"href":"http:\/\/enteculturalsantafesino.com.ar\/usina3\/wp-json\/wp\/v2\/media?parent=13957"}],"wp:term":[{"taxonomy":"category","embeddable":true,"href":"http:\/\/enteculturalsantafesino.com.ar\/usina3\/wp-json\/wp\/v2\/categories?post=13957"},{"taxonomy":"post_tag","embeddable":true,"href":"http:\/\/enteculturalsantafesino.com.ar\/usina3\/wp-json\/wp\/v2\/tags?post=13957"}],"curies":[{"name":"wp","href":"https:\/\/api.w.org\/{rel}","templated":true}]}}