{"id":13972,"date":"2022-04-04T13:32:53","date_gmt":"2022-04-04T13:32:53","guid":{"rendered":"http:\/\/enteculturalsantafesino.com.ar\/usina3\/?p=13972"},"modified":"2022-04-04T13:32:56","modified_gmt":"2022-04-04T13:32:56","slug":"malvinas-40-anos-gran-presentacion-de-la-fanfarria-militar-alto-peru-en-el-festival-cultural","status":"publish","type":"post","link":"http:\/\/enteculturalsantafesino.com.ar\/usina3\/2022\/04\/malvinas-40-anos-gran-presentacion-de-la-fanfarria-militar-alto-peru-en-el-festival-cultural\/","title":{"rendered":"Malvinas, 40 a\u00f1os: Gran presentaci\u00f3n de la Fanfarria Militar \u00abAlto Per\u00fa\u00bb en el Festival Cultural"},"content":{"rendered":"\n<p>La plaza \u00abMalvinas Argentinas\u00bb (Humberto Primo y 12 de abril), fue el epicentro de los actos conmemorativos por el \u00abD\u00eda del Veterano y los Ca\u00eddos en la Guerra de Malvinas\u00bb a\u00a0 40 a\u00f1os del incio del conflicto b\u00e9lico.<br>El viernes 1\u00ba se se llev\u00f3 a cabo el festival cultural con la participaci\u00f3n de artistas locales, como parte de la Vigilia de Malvinas, que culmin\u00f3 con la presencia\u00a0de la fanfarria militar \u00abAlto Per\u00fa\u00bb, del Regimiento de Granaderos a Caballo \u00abGeneral San Mart\u00edn\u00bb, junto a la cantante l\u00edrica Ivana Grennon interpretaron el Himno Nacional Argentino y la Marcha a Malvinas, en los primeros minutos del d\u00eda 2 de abril. Posteriormente la Fanfarria junto a los Veteranos de Guerra de nuestra ciudad recorrieron algunas calles c\u00e9ntricas para culminar la jornada de Vigilia.<\/p>\n\n\n\n<p>Formaron parte del Festival Cultural en el marco de la Vigilia de Malvinas: Ballet \u00abEl Chucaro\u00bb, Ballet \u00abLos So\u00f1adores del Paran\u00e1\u00bb, Ballet \u00abCostumbres Argentinas\u00bb, Ballet \u00abLos Gurises\u00bb, Quique Ovando, Emanuel Franze, Gustavo Manzur, Fernando Junco, Paola Caggioli, Beto Ferreyra, Fernando Espinosa, Juan Carlos Pissanelli, Eduardo S\u00e1nchez, Fanfarria \u00abAlto Per\u00fa\u00bb, Ivana Grennon.<\/p>\n\n\n\n<p>El s\u00e1bado 2 de abril, se realiz\u00f3 el acto protocolar por el \u00abD\u00eda del Veterano y de los Ca\u00eddos en la Guerra de Malvinas\u00bb, con la presencia de autoridades locales, instituciones educativas, deportivas y sociales, ciudadanos, todos acompa\u00f1ando a nuestros Veteranos de Guerra y en ellos a los 649 soldados ca\u00eddos en Malvinas.<\/p>\n\n\n\n<p>Durante el acto protocolar por el 40\u00b0 aniversario de la gesta Malvinas, se record\u00f3 esta fecha hist\u00f3rica con palabras alusivas de familiares directos de nuestros veteranos, el descubrimiento de una placa conmemorativa, la inauguraci\u00f3n formal de un monolito con tierra y piedras de las islas que cuenta con los nombres de los soldados ca\u00eddos de la provincia de Santa Fe en el conflicto b\u00e9lico; y el acompa\u00f1amiento de la escuela de vuelo del C\u00edrculo de Aviaci\u00f3n, sobrevolando el sector de las plazas con tres avionetas antes del inicio del acto.\u00a0<\/p>\n\n\n\n<p>La m\u00fasica en vivo estuvo a cargo de los artistas Franco Martinelli y Lilu Pati\u00f1o, y\u00a0 una suelta de palomas como cierre.<br>Honor y gloria a nuestros Veteranos de Guerra:\u00a0Cerino Jorge, De Bernardo Alfredo, D\u00edaz Eduardo, Gim\u00e9nez V\u00edctor, Mart\u00ednez Juan, Pereyra Juan, Quinteros Oscar, Romannini Oscar, Romero N\u00e9stor, Sanabria V\u00edctor, Zingoni Jorge.<\/p>\n\n\n\n<p>A los 649 ca\u00eddos en Malvinas, seg\u00fan cifras oficiales durante el conflicto b\u00e9lico de Malvinas fueron convocados m\u00e1s de 23 mil combatientes argentinos. Asociaciones de veteranos estiman que fueron entre 350 y 500 los combatientes que se quitaron la vida.\u00a0En los \u00faltimos a\u00f1os se realizaron tareas de identificaci\u00f3n de ca\u00eddos enterrados en el Cementerio de Darwin. Hasta el momento se identificaron 119 soldados que figuraban como NN.<\/p>\n","protected":false},"excerpt":{"rendered":"<p>La plaza \u00abMalvinas Argentinas\u00bb (Humberto Primo y 12 de abril), fue el epicentro de los actos conmemorativos [&hellip;]<\/p>\n","protected":false},"author":3,"featured_media":13973,"comment_status":"open","ping_status":"open","sticky":false,"template":"","format":"standard","meta":{"_jetpack_memberships_contains_paid_content":false,"footnotes":"","jetpack_publicize_message":"","jetpack_publicize_feature_enabled":true,"jetpack_social_post_already_shared":true,"jetpack_social_options":{"image_generator_settings":{"template":"highway","enabled":false}}},"categories":[19],"tags":[],"jetpack_publicize_connections":[],"jetpack_featured_media_url":"http:\/\/enteculturalsantafesino.com.ar\/usina3\/wp-content\/uploads\/2022\/04\/277562499_340847981405283_265948938676390587_n.jpg","jetpack_sharing_enabled":true,"_links":{"self":[{"href":"http:\/\/enteculturalsantafesino.com.ar\/usina3\/wp-json\/wp\/v2\/posts\/13972"}],"collection":[{"href":"http:\/\/enteculturalsantafesino.com.ar\/usina3\/wp-json\/wp\/v2\/posts"}],"about":[{"href":"http:\/\/enteculturalsantafesino.com.ar\/usina3\/wp-json\/wp\/v2\/types\/post"}],"author":[{"embeddable":true,"href":"http:\/\/enteculturalsantafesino.com.ar\/usina3\/wp-json\/wp\/v2\/users\/3"}],"replies":[{"embeddable":true,"href":"http:\/\/enteculturalsantafesino.com.ar\/usina3\/wp-json\/wp\/v2\/comments?post=13972"}],"version-history":[{"count":1,"href":"http:\/\/enteculturalsantafesino.com.ar\/usina3\/wp-json\/wp\/v2\/posts\/13972\/revisions"}],"predecessor-version":[{"id":13974,"href":"http:\/\/enteculturalsantafesino.com.ar\/usina3\/wp-json\/wp\/v2\/posts\/13972\/revisions\/13974"}],"wp:featuredmedia":[{"embeddable":true,"href":"http:\/\/enteculturalsantafesino.com.ar\/usina3\/wp-json\/wp\/v2\/media\/13973"}],"wp:attachment":[{"href":"http:\/\/enteculturalsantafesino.com.ar\/usina3\/wp-json\/wp\/v2\/media?parent=13972"}],"wp:term":[{"taxonomy":"category","embeddable":true,"href":"http:\/\/enteculturalsantafesino.com.ar\/usina3\/wp-json\/wp\/v2\/categories?post=13972"},{"taxonomy":"post_tag","embeddable":true,"href":"http:\/\/enteculturalsantafesino.com.ar\/usina3\/wp-json\/wp\/v2\/tags?post=13972"}],"curies":[{"name":"wp","href":"https:\/\/api.w.org\/{rel}","templated":true}]}}