{"id":13976,"date":"2022-04-05T13:59:06","date_gmt":"2022-04-05T13:59:06","guid":{"rendered":"http:\/\/enteculturalsantafesino.com.ar\/usina3\/?p=13976"},"modified":"2022-04-05T13:59:08","modified_gmt":"2022-04-05T13:59:08","slug":"arroyo-seco-muestra-artistica-pintando-malvinas","status":"publish","type":"post","link":"http:\/\/enteculturalsantafesino.com.ar\/usina3\/2022\/04\/arroyo-seco-muestra-artistica-pintando-malvinas\/","title":{"rendered":"Arroyo Seco: Muestra art\u00edstica \u00abPintando Malvinas\u00bb"},"content":{"rendered":"\n<p>La Municipalidad de Arroyo Seco, mediante la Secretar\u00eda de Cultura, Deportes y Educaci\u00f3n, invita al pr\u00f3ximo mi\u00e9rcoles 6 de abril, a partir de las 19:30hs, a asistir al Centro Cultural \u00abGuillermo Furlong\u00bb para la muestra art\u00edstica \u00abPintando Malvinas\u00bb.<\/p>\n\n\n\n<p>En el marco del 40\u00b0 aniversario de la gesta Malvinas, artistas de la ciudad se unieron para efectuar esta muestra que comienza en el el espacio de Belgrano 540 y ser\u00e1 itinerante, traslad\u00e1ndose y recorriendo posteriormente las instituciones de la localidad.<\/p>\n","protected":false},"excerpt":{"rendered":"<p>La Municipalidad de Arroyo Seco, mediante la Secretar\u00eda de Cultura, Deportes y Educaci\u00f3n, invita al pr\u00f3ximo mi\u00e9rcoles [&hellip;]<\/p>\n","protected":false},"author":3,"featured_media":13977,"comment_status":"open","ping_status":"open","sticky":false,"template":"","format":"standard","meta":{"_jetpack_memberships_contains_paid_content":false,"footnotes":"","jetpack_publicize_message":"","jetpack_publicize_feature_enabled":true,"jetpack_social_post_already_shared":true,"jetpack_social_options":{"image_generator_settings":{"template":"highway","enabled":false}}},"categories":[19],"tags":[],"jetpack_publicize_connections":[],"jetpack_featured_media_url":"http:\/\/enteculturalsantafesino.com.ar\/usina3\/wp-content\/uploads\/2022\/04\/278000275_342555504567864_5164147561483415112_n.jpg","jetpack_sharing_enabled":true,"_links":{"self":[{"href":"http:\/\/enteculturalsantafesino.com.ar\/usina3\/wp-json\/wp\/v2\/posts\/13976"}],"collection":[{"href":"http:\/\/enteculturalsantafesino.com.ar\/usina3\/wp-json\/wp\/v2\/posts"}],"about":[{"href":"http:\/\/enteculturalsantafesino.com.ar\/usina3\/wp-json\/wp\/v2\/types\/post"}],"author":[{"embeddable":true,"href":"http:\/\/enteculturalsantafesino.com.ar\/usina3\/wp-json\/wp\/v2\/users\/3"}],"replies":[{"embeddable":true,"href":"http:\/\/enteculturalsantafesino.com.ar\/usina3\/wp-json\/wp\/v2\/comments?post=13976"}],"version-history":[{"count":1,"href":"http:\/\/enteculturalsantafesino.com.ar\/usina3\/wp-json\/wp\/v2\/posts\/13976\/revisions"}],"predecessor-version":[{"id":13978,"href":"http:\/\/enteculturalsantafesino.com.ar\/usina3\/wp-json\/wp\/v2\/posts\/13976\/revisions\/13978"}],"wp:featuredmedia":[{"embeddable":true,"href":"http:\/\/enteculturalsantafesino.com.ar\/usina3\/wp-json\/wp\/v2\/media\/13977"}],"wp:attachment":[{"href":"http:\/\/enteculturalsantafesino.com.ar\/usina3\/wp-json\/wp\/v2\/media?parent=13976"}],"wp:term":[{"taxonomy":"category","embeddable":true,"href":"http:\/\/enteculturalsantafesino.com.ar\/usina3\/wp-json\/wp\/v2\/categories?post=13976"},{"taxonomy":"post_tag","embeddable":true,"href":"http:\/\/enteculturalsantafesino.com.ar\/usina3\/wp-json\/wp\/v2\/tags?post=13976"}],"curies":[{"name":"wp","href":"https:\/\/api.w.org\/{rel}","templated":true}]}}