{"id":13983,"date":"2022-04-08T02:50:17","date_gmt":"2022-04-08T02:50:17","guid":{"rendered":"http:\/\/enteculturalsantafesino.com.ar\/usina3\/?p=13983"},"modified":"2022-04-08T02:50:20","modified_gmt":"2022-04-08T02:50:20","slug":"arroyo-seco-apertura-de-la-muestra-pintando-malvinas","status":"publish","type":"post","link":"http:\/\/enteculturalsantafesino.com.ar\/usina3\/2022\/04\/arroyo-seco-apertura-de-la-muestra-pintando-malvinas\/","title":{"rendered":"Arroyo Seco: Apertura de la muestra \u00abPintando Malvinas\u00bb"},"content":{"rendered":"\n<p>Ayer en el <strong>Centro Cultural \u00abGuillermo Furlong<\/strong>\u00ab, la <strong>Municipalidad de Arroyo Seco y la Secretar\u00eda de Cultura, Deportes y Educaci\u00f3n<\/strong>, efectuaron la apertura de la muestra art\u00edstica <strong>\u00abPintando Malvinas<\/strong>\u00ab, en el marco de las actividades por el 40\u00b0 aniversario de la gesta.<\/p>\n\n\n\n<p>De la iniciativa, participaron artistas de la ciudad que de juntaron para desplegar sus trabajos, en una muestra que ser\u00e1 itinerante y recorrer\u00e1 instituciones p\u00fablicas y privadas de la ciudad.<\/p>\n\n\n\n<p>En el acto de apertura, se otorgaron los diplomas a los artistas que intervinieron adem\u00e1s de disfrutar de la m\u00fasica y canto de Paola Caggioli; todo ante la presencia de nuestros h\u00e9roes, veteranos de Malvinas, protagonistas principales de esta historia viva por amor a la patria.<\/p>\n","protected":false},"excerpt":{"rendered":"<p>Ayer en el Centro Cultural \u00abGuillermo Furlong\u00ab, la Municipalidad de Arroyo Seco y la Secretar\u00eda de Cultura, [&hellip;]<\/p>\n","protected":false},"author":3,"featured_media":13984,"comment_status":"open","ping_status":"open","sticky":false,"template":"","format":"standard","meta":{"_jetpack_memberships_contains_paid_content":false,"footnotes":"","jetpack_publicize_message":"","jetpack_publicize_feature_enabled":true,"jetpack_social_post_already_shared":true,"jetpack_social_options":{"image_generator_settings":{"template":"highway","enabled":false}}},"categories":[19],"tags":[],"jetpack_publicize_connections":[],"jetpack_featured_media_url":"http:\/\/enteculturalsantafesino.com.ar\/usina3\/wp-content\/uploads\/2022\/04\/277740938_343883874435027_5885665825316856765_n.jpg","jetpack_sharing_enabled":true,"_links":{"self":[{"href":"http:\/\/enteculturalsantafesino.com.ar\/usina3\/wp-json\/wp\/v2\/posts\/13983"}],"collection":[{"href":"http:\/\/enteculturalsantafesino.com.ar\/usina3\/wp-json\/wp\/v2\/posts"}],"about":[{"href":"http:\/\/enteculturalsantafesino.com.ar\/usina3\/wp-json\/wp\/v2\/types\/post"}],"author":[{"embeddable":true,"href":"http:\/\/enteculturalsantafesino.com.ar\/usina3\/wp-json\/wp\/v2\/users\/3"}],"replies":[{"embeddable":true,"href":"http:\/\/enteculturalsantafesino.com.ar\/usina3\/wp-json\/wp\/v2\/comments?post=13983"}],"version-history":[{"count":1,"href":"http:\/\/enteculturalsantafesino.com.ar\/usina3\/wp-json\/wp\/v2\/posts\/13983\/revisions"}],"predecessor-version":[{"id":13985,"href":"http:\/\/enteculturalsantafesino.com.ar\/usina3\/wp-json\/wp\/v2\/posts\/13983\/revisions\/13985"}],"wp:featuredmedia":[{"embeddable":true,"href":"http:\/\/enteculturalsantafesino.com.ar\/usina3\/wp-json\/wp\/v2\/media\/13984"}],"wp:attachment":[{"href":"http:\/\/enteculturalsantafesino.com.ar\/usina3\/wp-json\/wp\/v2\/media?parent=13983"}],"wp:term":[{"taxonomy":"category","embeddable":true,"href":"http:\/\/enteculturalsantafesino.com.ar\/usina3\/wp-json\/wp\/v2\/categories?post=13983"},{"taxonomy":"post_tag","embeddable":true,"href":"http:\/\/enteculturalsantafesino.com.ar\/usina3\/wp-json\/wp\/v2\/tags?post=13983"}],"curies":[{"name":"wp","href":"https:\/\/api.w.org\/{rel}","templated":true}]}}