{"id":13999,"date":"2022-04-12T14:25:24","date_gmt":"2022-04-12T14:25:24","guid":{"rendered":"http:\/\/enteculturalsantafesino.com.ar\/usina3\/?p=13999"},"modified":"2022-04-12T14:25:26","modified_gmt":"2022-04-12T14:25:26","slug":"maria-teresa-con-gran-exito-se-presento-insolentes-en-rosario","status":"publish","type":"post","link":"http:\/\/enteculturalsantafesino.com.ar\/usina3\/2022\/04\/maria-teresa-con-gran-exito-se-presento-insolentes-en-rosario\/","title":{"rendered":"Maria Teresa: Con gran \u00e9xito se present\u00f3 \u00abInsolentes\u00bb en Rosario."},"content":{"rendered":"\n<p>El <strong>s\u00e1bado 9 de abril<\/strong> en el <strong>ECU &#8211; Espacio Cultural Universitario<\/strong> de la ciudad de <strong>Rosario<\/strong>. Esta puesta en escena, cuyo eje central es el desfile de mujeres que hicieron historia, personificadas por mujeres de nuestro pueblo, recientemente fue declarada de \u00abInter\u00e9s Provincial\u00bb por la C\u00e1mara de Diputadas y Diputados de Santa Fe. <\/p>\n\n\n\n<p><strong><em>Que la lucha y el dolor no sean en vano.<\/em><\/strong><\/p>\n\n\n\n<figure class=\"wp-block-gallery columns-4 is-cropped wp-block-gallery-1 is-layout-flex wp-block-gallery-is-layout-flex\"><ul class=\"blocks-gallery-grid\"><li class=\"blocks-gallery-item\"><figure><img loading=\"lazy\" decoding=\"async\" width=\"1024\" height=\"684\" src=\"http:\/\/enteculturalsantafesino.com.ar\/usina3\/wp-content\/uploads\/2022\/04\/278241857_298253735790307_6716382576431873492_n-1024x684.jpg\" alt=\"\" data-id=\"14003\" data-full-url=\"http:\/\/enteculturalsantafesino.com.ar\/usina3\/wp-content\/uploads\/2022\/04\/278241857_298253735790307_6716382576431873492_n.jpg\" data-link=\"http:\/\/enteculturalsantafesino.com.ar\/usina3\/?attachment_id=14003\" class=\"wp-image-14003\" srcset=\"http:\/\/enteculturalsantafesino.com.ar\/usina3\/wp-content\/uploads\/2022\/04\/278241857_298253735790307_6716382576431873492_n-1024x684.jpg 1024w, http:\/\/enteculturalsantafesino.com.ar\/usina3\/wp-content\/uploads\/2022\/04\/278241857_298253735790307_6716382576431873492_n-300x200.jpg 300w, http:\/\/enteculturalsantafesino.com.ar\/usina3\/wp-content\/uploads\/2022\/04\/278241857_298253735790307_6716382576431873492_n-768x513.jpg 768w, http:\/\/enteculturalsantafesino.com.ar\/usina3\/wp-content\/uploads\/2022\/04\/278241857_298253735790307_6716382576431873492_n-589x392.jpg 589w, http:\/\/enteculturalsantafesino.com.ar\/usina3\/wp-content\/uploads\/2022\/04\/278241857_298253735790307_6716382576431873492_n.jpg 1200w\" sizes=\"(max-width: 1024px) 100vw, 1024px\" \/><\/figure><\/li><li class=\"blocks-gallery-item\"><figure><img loading=\"lazy\" decoding=\"async\" width=\"684\" height=\"1024\" src=\"http:\/\/enteculturalsantafesino.com.ar\/usina3\/wp-content\/uploads\/2022\/04\/278169266_298253619123652_2718811546956029215_n-684x1024.jpg\" alt=\"\" data-id=\"14002\" data-full-url=\"http:\/\/enteculturalsantafesino.com.ar\/usina3\/wp-content\/uploads\/2022\/04\/278169266_298253619123652_2718811546956029215_n.jpg\" data-link=\"http:\/\/enteculturalsantafesino.com.ar\/usina3\/?attachment_id=14002\" class=\"wp-image-14002\" srcset=\"http:\/\/enteculturalsantafesino.com.ar\/usina3\/wp-content\/uploads\/2022\/04\/278169266_298253619123652_2718811546956029215_n-684x1024.jpg 684w, http:\/\/enteculturalsantafesino.com.ar\/usina3\/wp-content\/uploads\/2022\/04\/278169266_298253619123652_2718811546956029215_n-200x300.jpg 200w, http:\/\/enteculturalsantafesino.com.ar\/usina3\/wp-content\/uploads\/2022\/04\/278169266_298253619123652_2718811546956029215_n-768x1151.jpg 768w, http:\/\/enteculturalsantafesino.com.ar\/usina3\/wp-content\/uploads\/2022\/04\/278169266_298253619123652_2718811546956029215_n.jpg 801w\" sizes=\"(max-width: 684px) 100vw, 684px\" \/><\/figure><\/li><li class=\"blocks-gallery-item\"><figure><img loading=\"lazy\" decoding=\"async\" width=\"1024\" height=\"684\" src=\"http:\/\/enteculturalsantafesino.com.ar\/usina3\/wp-content\/uploads\/2022\/04\/278169266_298253552456992_9212462012880249956_n-1024x684.jpg\" alt=\"\" data-id=\"14001\" data-full-url=\"http:\/\/enteculturalsantafesino.com.ar\/usina3\/wp-content\/uploads\/2022\/04\/278169266_298253552456992_9212462012880249956_n.jpg\" data-link=\"http:\/\/enteculturalsantafesino.com.ar\/usina3\/?attachment_id=14001\" class=\"wp-image-14001\" srcset=\"http:\/\/enteculturalsantafesino.com.ar\/usina3\/wp-content\/uploads\/2022\/04\/278169266_298253552456992_9212462012880249956_n-1024x684.jpg 1024w, http:\/\/enteculturalsantafesino.com.ar\/usina3\/wp-content\/uploads\/2022\/04\/278169266_298253552456992_9212462012880249956_n-300x200.jpg 300w, http:\/\/enteculturalsantafesino.com.ar\/usina3\/wp-content\/uploads\/2022\/04\/278169266_298253552456992_9212462012880249956_n-768x513.jpg 768w, http:\/\/enteculturalsantafesino.com.ar\/usina3\/wp-content\/uploads\/2022\/04\/278169266_298253552456992_9212462012880249956_n-589x392.jpg 589w, http:\/\/enteculturalsantafesino.com.ar\/usina3\/wp-content\/uploads\/2022\/04\/278169266_298253552456992_9212462012880249956_n.jpg 1200w\" sizes=\"(max-width: 1024px) 100vw, 1024px\" \/><\/figure><\/li><li class=\"blocks-gallery-item\"><figure><img loading=\"lazy\" decoding=\"async\" width=\"1024\" height=\"683\" src=\"http:\/\/enteculturalsantafesino.com.ar\/usina3\/wp-content\/uploads\/2022\/04\/278130658_298253509123663_2042097217724009108_n-1024x683.jpg\" alt=\"\" data-id=\"14000\" data-full-url=\"http:\/\/enteculturalsantafesino.com.ar\/usina3\/wp-content\/uploads\/2022\/04\/278130658_298253509123663_2042097217724009108_n.jpg\" data-link=\"http:\/\/enteculturalsantafesino.com.ar\/usina3\/?attachment_id=14000\" class=\"wp-image-14000\" srcset=\"http:\/\/enteculturalsantafesino.com.ar\/usina3\/wp-content\/uploads\/2022\/04\/278130658_298253509123663_2042097217724009108_n-1024x683.jpg 1024w, http:\/\/enteculturalsantafesino.com.ar\/usina3\/wp-content\/uploads\/2022\/04\/278130658_298253509123663_2042097217724009108_n-300x200.jpg 300w, http:\/\/enteculturalsantafesino.com.ar\/usina3\/wp-content\/uploads\/2022\/04\/278130658_298253509123663_2042097217724009108_n-768x512.jpg 768w, http:\/\/enteculturalsantafesino.com.ar\/usina3\/wp-content\/uploads\/2022\/04\/278130658_298253509123663_2042097217724009108_n-589x392.jpg 589w, http:\/\/enteculturalsantafesino.com.ar\/usina3\/wp-content\/uploads\/2022\/04\/278130658_298253509123663_2042097217724009108_n.jpg 1200w\" sizes=\"(max-width: 1024px) 100vw, 1024px\" \/><\/figure><\/li><\/ul><\/figure>\n\n\n\n<p>El espect\u00e1culo art\u00edstico musical\u00a0<strong>\u201cMujeres Insolentes\u201d<\/strong>. Un recorrido art\u00edstico por la historia de mujeres que dejaron un legado de lucha por sus derechos. Se trata de una puesta en escena cuyo eje central es el desfile de personajes femeninos de la historia, personificados por mujeres de nuestro pueblo. Direcci\u00f3n: M\u00f3nica De Dio.<\/p>\n\n\n\n<p>Micaela Bastidas (interpretada por Andrea Meli\u00e1n), la&nbsp;<strong>\u201cRevolucionaria Andina\u201d<\/strong>. Ella, adem\u00e1s de ser compa\u00f1era y consejera de T\u00fapac Amaru II, fue una pr\u00f3cer de la independencia hispanoamericana. Bartolina Sisa (Sonia Schmilh),&nbsp;<strong>\u201cLa Virreyna Aymara\u201d<\/strong>, quien fue declarada como una hero\u00edna nacional por su lucha contra los invasores espa\u00f1oles.<\/p>\n\n\n\n<p>Juana Azurduy (representada por Carolina Martirano), \u201cAmazona de la libertad\u201d, tambi\u00e9n pasa por el escenario . En ella se encarna el esp\u00edritu revolucionario e independentista de los pa\u00edses de Am\u00e9rica del Sur.<\/p>\n\n\n\n<p>Martina C\u00e9spedes (interpretada por Mar\u00eda Reynoso) y sus tres hijas (Consuelo Marzol, Malen Palarich y Julia Matiacich) quienes participaron en la resistencia popular en defensa de la ciudad de Buenos Aires durante las segundas invasiones inglesas.<\/p>\n\n\n\n<p>Manuela S\u00e1enz (Ivana Bels\u00fan), la&nbsp;<strong>\u201clibertadora del libertador\u201d,<\/strong>&nbsp;protagonista de la liberaci\u00f3n latinoamericana.<\/p>\n\n\n\n<p>Mariquita S\u00e1nchez (Marian Caminos), pionera en defender la patria, la igualdad y los derechos de la mujer en la historia de nuestro pa\u00eds.<\/p>\n\n\n\n<p>Frida Kahlo (Marcela Est\u00e9vez), cuya aparici\u00f3n es acompa\u00f1ada por Flaviana Bournot cantando&nbsp;<strong>\u201cLa Llorona<\/strong>\u201d; y Eva Duarte (D\u00e9bora Manzanares).<\/p>\n\n\n\n<p>Uno de los momentos m\u00e1s conmovedores de la noche lo produce la aparici\u00f3n de las Madres y Abuelas de Plaza de Mayo (Dominga Vuelva, Mar\u00eda Ca\u00f1ete, Cirila Vuelva, Delia Algarbe y Beatriz Camino), quienes incansablemente luchan reclamando verdad y justicia: por sus hijos, hijas, por sus nietos y nietas; por la vida de nuestro pueblo.<\/p>\n\n\n\n<p>Alfonsina Bournot interpreta \u201cHasta la Ra\u00edz\u201d de Natalia Lafourcade, dando pie a la aparici\u00f3n de Malala Yousafzai (Lucila Barker), un s\u00edmbolo internacional de la lucha por la educaci\u00f3n de las ni\u00f1as.<\/p>\n\n\n\n<p>Gilda (Sof\u00eda Buso) con&nbsp;<strong>\u201cNo me Arrepiento de este Amor\u201d<\/strong>&nbsp;y su osado ingreso al g\u00e9nero tropical desafiando al machismo que copaba la bailanta en ese tiempo.<\/p>\n","protected":false},"excerpt":{"rendered":"<p>El s\u00e1bado 9 de abril en el ECU &#8211; Espacio Cultural Universitario de la ciudad de Rosario. [&hellip;]<\/p>\n","protected":false},"author":3,"featured_media":14004,"comment_status":"open","ping_status":"open","sticky":false,"template":"","format":"standard","meta":{"_jetpack_memberships_contains_paid_content":false,"footnotes":"","jetpack_publicize_message":"","jetpack_publicize_feature_enabled":true,"jetpack_social_post_already_shared":true,"jetpack_social_options":{"image_generator_settings":{"template":"highway","enabled":false}}},"categories":[4,8],"tags":[],"jetpack_publicize_connections":[],"jetpack_featured_media_url":"http:\/\/enteculturalsantafesino.com.ar\/usina3\/wp-content\/uploads\/2022\/04\/278304131_298253462457001_8394123662425034575_n.jpg","jetpack_sharing_enabled":true,"_links":{"self":[{"href":"http:\/\/enteculturalsantafesino.com.ar\/usina3\/wp-json\/wp\/v2\/posts\/13999"}],"collection":[{"href":"http:\/\/enteculturalsantafesino.com.ar\/usina3\/wp-json\/wp\/v2\/posts"}],"about":[{"href":"http:\/\/enteculturalsantafesino.com.ar\/usina3\/wp-json\/wp\/v2\/types\/post"}],"author":[{"embeddable":true,"href":"http:\/\/enteculturalsantafesino.com.ar\/usina3\/wp-json\/wp\/v2\/users\/3"}],"replies":[{"embeddable":true,"href":"http:\/\/enteculturalsantafesino.com.ar\/usina3\/wp-json\/wp\/v2\/comments?post=13999"}],"version-history":[{"count":1,"href":"http:\/\/enteculturalsantafesino.com.ar\/usina3\/wp-json\/wp\/v2\/posts\/13999\/revisions"}],"predecessor-version":[{"id":14005,"href":"http:\/\/enteculturalsantafesino.com.ar\/usina3\/wp-json\/wp\/v2\/posts\/13999\/revisions\/14005"}],"wp:featuredmedia":[{"embeddable":true,"href":"http:\/\/enteculturalsantafesino.com.ar\/usina3\/wp-json\/wp\/v2\/media\/14004"}],"wp:attachment":[{"href":"http:\/\/enteculturalsantafesino.com.ar\/usina3\/wp-json\/wp\/v2\/media?parent=13999"}],"wp:term":[{"taxonomy":"category","embeddable":true,"href":"http:\/\/enteculturalsantafesino.com.ar\/usina3\/wp-json\/wp\/v2\/categories?post=13999"},{"taxonomy":"post_tag","embeddable":true,"href":"http:\/\/enteculturalsantafesino.com.ar\/usina3\/wp-json\/wp\/v2\/tags?post=13999"}],"curies":[{"name":"wp","href":"https:\/\/api.w.org\/{rel}","templated":true}]}}