{"id":14007,"date":"2022-04-19T17:00:07","date_gmt":"2022-04-19T17:00:07","guid":{"rendered":"http:\/\/enteculturalsantafesino.com.ar\/usina3\/?p=14007"},"modified":"2022-04-19T17:01:50","modified_gmt":"2022-04-19T17:01:50","slug":"perez-se-proyectara-un-encuentro-con-malvinas","status":"publish","type":"post","link":"http:\/\/enteculturalsantafesino.com.ar\/usina3\/2022\/04\/perez-se-proyectara-un-encuentro-con-malvinas\/","title":{"rendered":"P\u00e9rez: Se proyectar\u00e1 \u00abUn encuentro con Malvinas\u00bb"},"content":{"rendered":"\n<p>El <strong>jueves 5 de mayo<\/strong>, a las <strong>9hs<\/strong>. en las instalaciones de <strong>Sociedad Italiana ex Cine<\/strong>, se proyectar\u00e1 la pel\u00edcula: <strong>\u00abUn encuentro con Malvinas\u00bb<\/strong>. La <strong>Direcci\u00f3n de Educaci\u00f3n y Cultura de Municipalidad de P\u00e9rez<\/strong> invita a participar de este acontecimiento en el 40\u00b0 Aniversario de la Gesta de Malvinas.<\/p>\n\n\n\n<p><strong><em>\u00abUn encuentro con Malvinas\u00bb<\/em><\/strong><\/p>\n\n\n\n<p>La directora Mar\u00eda Fernanda Moreno asegur\u00f3 que su propuesta busca \u201cinvitar al espectador a preguntarse qu\u00e9 hicimos estos a\u00f1os con el tema, y la respuesta es, lamentablemente, poco\u201d.<\/p>\n\n\n\n<p>La realizadora audiovisual&nbsp;<strong>Mar\u00eda Fernanda Moreno, directora de \u201cUn encuentro con Malvinas\u201d<\/strong>, filme documental con la participaci\u00f3n del actor Pablo Rago que se estrenar\u00e1 la noche de este jueves en Rosario,&nbsp;<strong>asegur\u00f3 que la pel\u00edcula procura \u201csumarse a la causa de malvinizar\u201d e \u201cinvitar al espectador a preguntarse qu\u00e9 hicimos estos a\u00f1os con el tema, y la respuesta es, lamentablemente, poco\u201d<\/strong>.<\/p>\n\n\n\n<p>Filmado en Rosario, \u201cUn encuentro con Malvinas\u201d se estrenar\u00e1 en el anfiteatro de la ciudad, en reemplazo de la tradicional vigilia que realiza cada a\u00f1o el Centro de ExSoldados Combatientes en Malvinas en la v\u00edspera del aniversario del inicio del conflicto armado, suspendida por la pandemia de coronavirus.<\/p>\n\n\n\n<p><strong>\u201cHay una gran deuda social con ellos. Con la pel\u00edcula quise sumarme a esa causa que es malvinizar, generar acciones donde se pueda mantener vigente la causa\u201d<\/strong>, sostuvo hoy Moreno a T\u00e9lam.<\/p>\n\n\n\n<p>La idea de bucear en&nbsp;<strong>\u201cla cuesti\u00f3n Malvinas\u201d<\/strong>&nbsp;surgi\u00f3 en la realizadora mientras filmaba \u201cHistoria de un emblema nacional\u201d (2018), tambi\u00e9n protagonizada por Rago, que cuenta la historia de los 60 a\u00f1os del Monumento Nacional a la Bandera de Rosario y la vida del creador de la ense\u00f1a, Manuel Belgrano.<\/p>\n\n\n\n<p><strong>\u201cLos combatientes participaron en la rese\u00f1a de la historia de la bandera de Malvinas que est\u00e1 en custodia en el Monumento, y que mucha gente no conoce\u201d<\/strong>, relat\u00f3 Moreno sobre aquella experiencia que deriv\u00f3 en su primera cinta documental, en 2018.<\/p>\n\n\n\n<p><strong>\u201cMe despert\u00f3 la idea de hacer algo con ellos, porque conocerlos es muy motivador y hay una gran deuda social con ellos\u201d<\/strong>, agreg\u00f3 la realizadora sobre lo que sinti\u00f3 al entrar en contacto con los miembros del Centro de Ex Combatientes.<\/p>\n\n\n\n<p>En un registro semificcional, \u201cUn encuentro con Malvinas\u201d se inicia con la historia de una ni\u00f1a de 10 a\u00f1os que debe escribir, como tarea escolar, una carta para enviarle a un veterano de la guerra de las Islas Malvinas.<\/p>\n\n\n\n<p>Su padre, interpretado por el actor Pablo Rago, la ayuda con el trabajo y recuerda que durante el conflicto b\u00e9lico en las islas del Atl\u00e1ntico Sur, en 1982, \u00e9l tambi\u00e9n ten\u00eda 10 a\u00f1os.<\/p>\n\n\n\n<p><strong>\u201cEntonces se pregunta qu\u00e9 se sab\u00eda en ese momento y qu\u00e9 saben los chicos ahora\u201d<\/strong>, cont\u00f3 Moreno, para a\u00f1adir: \u201cLa respuesta odiosa es nada en aquel momento, nada ahora\u201d.<\/p>\n\n\n\n<p>lo que se sab\u00eda, adem\u00e1s, era mentira\u00bb, record\u00f3 Moreno- y las derivaciones posteriores en el proceso de la incipiente democracia se mont\u00f3 la realizadora para encarar su proyecto documental.<\/p>\n\n\n\n<p>Y sigui\u00f3:&nbsp;<strong>\u201cA partir de ah\u00ed se desarrolla toda la pel\u00edcula: Pablo conoce el Centro de Ex Combatientes de Rosario y se encuentra con los testimonios m\u00e1s crudos de la guerra contados en primera persona\u201d<\/strong>.<\/p>\n\n\n\n<p>Para la directora,&nbsp;<strong>\u201cno se puede ficcionar un veterano de guerra, nadie mejor que ellos para contar lo que sucedi\u00f3\u201d<\/strong>, por lo que decidi\u00f3 colocar la c\u00e1mara y grabar la charla de los soldados con Rago, que rememoran sus vivencias durante un asado en la sede del Centro de Ex Combatientes local.<\/p>\n\n\n\n<p><strong>\u201cTodos coinciden en lo mismo: fue m\u00e1s duro volver que el combate en s\u00ed; ah\u00ed comienza el proceso de desmalvinizaci\u00f3n que lleva a que el n\u00famero de suicidios sea hoy mayor al de ca\u00eddos en combate\u201d<\/strong>, dijo Moreno.<\/p>\n\n\n\n<p>La directora afirm\u00f3 que&nbsp;<strong>\u201cla pel\u00edcula trata de invitar a encontrarnos con un cap\u00edtulo de nuestra historia\u201d<\/strong>, con el objetivo de \u201cmalvinizar\u201d a las nuevas generaciones, en sentido opuesto a lo ocurrido tras la guerra, cuando en su opini\u00f3n se produjo la invisibilizaci\u00f3n de los soldados.<\/p>\n\n\n\n<p>El documental est\u00e1 filmado en 4K y el rodaje se realiz\u00f3 en junio de 2019, con el prop\u00f3sito de que fuera estrenada el 2 de abril de 2020, en el aniversario de la Guerra de Malvinas.<\/p>\n\n\n\n<p>Sin embargo, la pandemia de Covid-19 deshizo los planes de Moreno, quien cont\u00f3 con los aportes de una convocatoria de la Secretar\u00eda de Cultura de Rosario y del Sindicato de Luz y Fuerza para financiar el proyecto.<\/p>\n\n\n\n<p><strong>\u201cLas producciones del interior son as\u00ed, hay que hacer todo a pulm\u00f3n, y con los otros \u00f3rganos tambi\u00e9n\u201d<\/strong>, brome\u00f3 la realizadora, que tambi\u00e9n es licenciada en Comunicaci\u00f3n Social y locutora.<\/p>\n\n\n\n<p>Adem\u00e1s de su estreno en el anfiteatro local, el documental se exhibir\u00e1 por streaming en centros de excombatientes y de agrupaciones de hijos de soldados de Malvinas de todo el pa\u00eds.<\/p>\n","protected":false},"excerpt":{"rendered":"<p>El jueves 5 de mayo, a las 9hs. en las instalaciones de Sociedad Italiana ex Cine, se [&hellip;]<\/p>\n","protected":false},"author":3,"featured_media":14008,"comment_status":"open","ping_status":"open","sticky":false,"template":"","format":"standard","meta":{"_jetpack_memberships_contains_paid_content":false,"footnotes":"","jetpack_publicize_message":"","jetpack_publicize_feature_enabled":true,"jetpack_social_post_already_shared":true,"jetpack_social_options":{"image_generator_settings":{"template":"highway","enabled":false}}},"categories":[36],"tags":[],"jetpack_publicize_connections":[],"jetpack_featured_media_url":"http:\/\/enteculturalsantafesino.com.ar\/usina3\/wp-content\/uploads\/2022\/04\/bab03721-d368-4d33-9df4-2c19581b6820.jpg","jetpack_sharing_enabled":true,"_links":{"self":[{"href":"http:\/\/enteculturalsantafesino.com.ar\/usina3\/wp-json\/wp\/v2\/posts\/14007"}],"collection":[{"href":"http:\/\/enteculturalsantafesino.com.ar\/usina3\/wp-json\/wp\/v2\/posts"}],"about":[{"href":"http:\/\/enteculturalsantafesino.com.ar\/usina3\/wp-json\/wp\/v2\/types\/post"}],"author":[{"embeddable":true,"href":"http:\/\/enteculturalsantafesino.com.ar\/usina3\/wp-json\/wp\/v2\/users\/3"}],"replies":[{"embeddable":true,"href":"http:\/\/enteculturalsantafesino.com.ar\/usina3\/wp-json\/wp\/v2\/comments?post=14007"}],"version-history":[{"count":2,"href":"http:\/\/enteculturalsantafesino.com.ar\/usina3\/wp-json\/wp\/v2\/posts\/14007\/revisions"}],"predecessor-version":[{"id":14010,"href":"http:\/\/enteculturalsantafesino.com.ar\/usina3\/wp-json\/wp\/v2\/posts\/14007\/revisions\/14010"}],"wp:featuredmedia":[{"embeddable":true,"href":"http:\/\/enteculturalsantafesino.com.ar\/usina3\/wp-json\/wp\/v2\/media\/14008"}],"wp:attachment":[{"href":"http:\/\/enteculturalsantafesino.com.ar\/usina3\/wp-json\/wp\/v2\/media?parent=14007"}],"wp:term":[{"taxonomy":"category","embeddable":true,"href":"http:\/\/enteculturalsantafesino.com.ar\/usina3\/wp-json\/wp\/v2\/categories?post=14007"},{"taxonomy":"post_tag","embeddable":true,"href":"http:\/\/enteculturalsantafesino.com.ar\/usina3\/wp-json\/wp\/v2\/tags?post=14007"}],"curies":[{"name":"wp","href":"https:\/\/api.w.org\/{rel}","templated":true}]}}