{"id":14011,"date":"2022-04-20T20:47:44","date_gmt":"2022-04-20T20:47:44","guid":{"rendered":"http:\/\/enteculturalsantafesino.com.ar\/usina3\/?p=14011"},"modified":"2022-04-20T21:03:06","modified_gmt":"2022-04-20T21:03:06","slug":"malvinas-por-los-pueblos-llego-a-villada","status":"publish","type":"post","link":"http:\/\/enteculturalsantafesino.com.ar\/usina3\/2022\/04\/malvinas-por-los-pueblos-llego-a-villada\/","title":{"rendered":"\u00abMalvinas por los Pueblos\u00bb lleg\u00f3 a Villada"},"content":{"rendered":"\n<p>Desde el<strong> mi\u00e9rcoles 20 al viernes 23<\/strong> de abril en el <strong>SUM Comunal <\/strong>se expone la Muestra &nbsp;<strong>\u201cMalvinas por los Pueblos\u201d<\/strong>&nbsp;<\/p>\n\n\n\n<p>Dicha propuesta pertenece a la&nbsp;<strong>Secretaria de Malvinas, Ant\u00e1rtida y Atl\u00e1ntico Sur<\/strong>,&nbsp;<strong>Ministerio de Relaciones Exteriores&nbsp;<\/strong>y<strong>&nbsp;Ministerio de Cultura de la Naci\u00f3n<\/strong>&nbsp;y fue organizada mancomunadamente con la&nbsp;<strong>Comuna de Los Molinos<\/strong>, el&nbsp;<strong>Ente Cultural Santafesino&nbsp;<\/strong>y&nbsp;<strong>Claudia Giaccone<\/strong>.<\/p>\n\n\n\n<p>La Muestra Nacional consta de dieciocho placas alusivas que demuestran que durante el dominio argentino en las Islas Malvinas existi\u00f3 una voluntad firme y continua de habitarlas sin ser un p\u00e1ramo abandonado cuando fue invadida por los ingleses. Recoge las evidencias de la ocupaci\u00f3n y poblamiento de las Malvinas entre 1764 y 1833, probando la existencia de un n\u00facleo efectivo de vida cotidiana estable en las islas y reivindicando el car\u00e1cter de los verdaderos habitantes originales, luego de las sucesivas presencias francesa y espa\u00f1ola y los intentos brit\u00e1nicos de ocupaci\u00f3n.<\/p>\n\n\n\n<p><strong>Claudia Giaccone&nbsp;<\/strong>manifest\u00f3 que este&nbsp;<strong>Programa \u00abMalvinas por los Pueblos\u00bb<\/strong>&nbsp;<em>es producto de gestiones mancomunadas entre la Comuna local, la Secretaria de Malvinas, Ant\u00e1rtida y Atl\u00e1ntico Sur y el Ente Cultural Santafesino y marcar\u00e1 la ruta a recorrer entre las distintas secretarias de cultura de municipios y comunas a fin de que dicha Muestra itinerante llegue junto al Profesor Ernesto Failo, posibilitando una conferencia al final de la jornada con cada habitante del territorio santafesino\u00bb<\/em>.<br><em>\u00abQueremos agradecer especialmente al Secretario de Malvinas, Ant\u00e1rtida y Atl\u00e1ntico Sur, Dr Guillermo Carmona, quien dispuso de este material que permitir\u00e1 conocer mucho m\u00e1s sobre nuestras Islas Malvinas, su historia y su geograf\u00eda en un a\u00f1o muy importante para todos los argentinos en el que seguiremos reclamando nuestros derechos soberanos\u00bb<\/em>. finaliz\u00f3 Giaccone.<\/p>\n\n\n\n<p>Por su parte <strong>Claudio Pellegrini<\/strong> &#8211; <strong>Presidente del Ente Cultural Santafesino<\/strong>\u00a0agradeci\u00f3 a las autoridades comunales por sumarse al Ente Cultural, como as\u00ed tambi\u00e9n generar esta propuesta en la localidad.<em>\u00a0\u00abEste programa est\u00e1 siendo muy solicitado y rescatamos la coordinaci\u00f3n de cada localidad desde las distintas Usinas Culturales\u00bb <\/em><\/p>\n","protected":false},"excerpt":{"rendered":"<p>Desde el mi\u00e9rcoles 20 al viernes 23 de abril en el SUM Comunal se expone la Muestra [&hellip;]<\/p>\n","protected":false},"author":3,"featured_media":14012,"comment_status":"open","ping_status":"open","sticky":false,"template":"","format":"standard","meta":{"_jetpack_memberships_contains_paid_content":false,"footnotes":"","jetpack_publicize_message":"","jetpack_publicize_feature_enabled":true,"jetpack_social_post_already_shared":true,"jetpack_social_options":{"image_generator_settings":{"template":"highway","enabled":false}}},"categories":[4,34],"tags":[],"jetpack_publicize_connections":[],"jetpack_featured_media_url":"http:\/\/enteculturalsantafesino.com.ar\/usina3\/wp-content\/uploads\/2022\/04\/d53894f4-fc90-4e99-b110-f613e6b11b59.jpg","jetpack_sharing_enabled":true,"_links":{"self":[{"href":"http:\/\/enteculturalsantafesino.com.ar\/usina3\/wp-json\/wp\/v2\/posts\/14011"}],"collection":[{"href":"http:\/\/enteculturalsantafesino.com.ar\/usina3\/wp-json\/wp\/v2\/posts"}],"about":[{"href":"http:\/\/enteculturalsantafesino.com.ar\/usina3\/wp-json\/wp\/v2\/types\/post"}],"author":[{"embeddable":true,"href":"http:\/\/enteculturalsantafesino.com.ar\/usina3\/wp-json\/wp\/v2\/users\/3"}],"replies":[{"embeddable":true,"href":"http:\/\/enteculturalsantafesino.com.ar\/usina3\/wp-json\/wp\/v2\/comments?post=14011"}],"version-history":[{"count":3,"href":"http:\/\/enteculturalsantafesino.com.ar\/usina3\/wp-json\/wp\/v2\/posts\/14011\/revisions"}],"predecessor-version":[{"id":14016,"href":"http:\/\/enteculturalsantafesino.com.ar\/usina3\/wp-json\/wp\/v2\/posts\/14011\/revisions\/14016"}],"wp:featuredmedia":[{"embeddable":true,"href":"http:\/\/enteculturalsantafesino.com.ar\/usina3\/wp-json\/wp\/v2\/media\/14012"}],"wp:attachment":[{"href":"http:\/\/enteculturalsantafesino.com.ar\/usina3\/wp-json\/wp\/v2\/media?parent=14011"}],"wp:term":[{"taxonomy":"category","embeddable":true,"href":"http:\/\/enteculturalsantafesino.com.ar\/usina3\/wp-json\/wp\/v2\/categories?post=14011"},{"taxonomy":"post_tag","embeddable":true,"href":"http:\/\/enteculturalsantafesino.com.ar\/usina3\/wp-json\/wp\/v2\/tags?post=14011"}],"curies":[{"name":"wp","href":"https:\/\/api.w.org\/{rel}","templated":true}]}}