{"id":14017,"date":"2022-04-23T13:21:18","date_gmt":"2022-04-23T13:21:18","guid":{"rendered":"http:\/\/enteculturalsantafesino.com.ar\/usina3\/?p=14017"},"modified":"2022-04-23T23:18:06","modified_gmt":"2022-04-23T23:18:06","slug":"en-villada-se-desarrollo-la-primera-reunion-de-la-usina-iii-norte","status":"publish","type":"post","link":"http:\/\/enteculturalsantafesino.com.ar\/usina3\/2022\/04\/en-villada-se-desarrollo-la-primera-reunion-de-la-usina-iii-norte\/","title":{"rendered":"En Villada se desarroll\u00f3 la primera reuni\u00f3n de la Usina III (sur)"},"content":{"rendered":"\n<p>El <strong>jueves 21<\/strong> en el<strong> S.U.M. Comunal <\/strong>se llev\u00f3 a cabo  la primera reuni\u00f3n mensual de la Usina III (sur).<\/p>\n\n\n\n<p>Los <strong>Directores de la Usina Cecilia De Francesco y Juli\u00e1n Dorthe<\/strong>,junto a la presencia de <strong>Claudia Giaccone<\/strong>;  llevaron adelante el temario con el prop\u00f3sito de informar e implementar el \u00abPlan 2022\u00bb.<\/p>\n\n\n\n<p>La <strong>Presidenta Comunal Janina Bernardi<\/strong> di\u00f3 la bienvenida y agradeci\u00f3 la presencia de los distintos referentes culturales que integran dicha zona cultural.<\/p>\n\n\n\n<p> En la jornada de trabajo se repasaron los formatos y el funcionamiento del portal del Ente Cultural, de manera de integrar a los nuevos referentes que se incorporan al espacio.<\/p>\n\n\n\n<p>Seguidamente se explicaron las bases sobre las convocatorias respecto de los programas vigentes a desarrollarse durante el corriente a\u00f1o. \u00abHacelo Corto\u00bb, \u00abClave de Cuento\u00bb, \u00abArte en Pelotas\u00bb y \u00abCuentos para la Tribuna\u00bb<\/p>\n\n\n\n<p>Se repas\u00f3 el cronograma de la muestra \u00abMalvinas por los Pueblos\u00bb que se encuentra recorriendo las comunidades de dicha Usina Cultural como as\u00ed tambi\u00e9n propuestas y acciones provenientes de la provincia de C\u00f3rdoba.<\/p>\n\n\n\n<p>Las localidades que integran a la Usina III (sur) son: <em>Villada, Los Molinos, Godeken, Chabas, Arequito, San Jos\u00e9 de la Esquina, Sanford, Firmat, Mar\u00eda Teresa, Hughes, Wheelwright, Labordeboy, Ca\u00f1ada del Ucle y Melincu\u00e9<\/em><a href=\"https:\/\/www.facebook.com\/photo\/?fbid=383830487084071&amp;set=a.333880098745777&amp;__cft__[0]=AZVxoJbZYQh1LRK6cjAMKHZmIjG7QK_OxEwD_r40Qmbyd9IfmlwVI6Q43O_9ecwQejhpD8PXMZn5t8ospUTIxkxGyRKbIALCLxlIsOKHoRA-uJofZLaqhjckH2txR-DsHcYlMcppsbzNlXjQ-7Jc9g2-&amp;__tn__=EH-R\"><\/a><\/p>\n","protected":false},"excerpt":{"rendered":"<p>El jueves 21 en el S.U.M. Comunal se llev\u00f3 a cabo la primera reuni\u00f3n mensual de la [&hellip;]<\/p>\n","protected":false},"author":3,"featured_media":14018,"comment_status":"open","ping_status":"open","sticky":false,"template":"","format":"standard","meta":{"_jetpack_memberships_contains_paid_content":false,"footnotes":"","jetpack_publicize_message":"","jetpack_publicize_feature_enabled":true,"jetpack_social_post_already_shared":true,"jetpack_social_options":{"image_generator_settings":{"template":"highway","enabled":false}}},"categories":[4,34],"tags":[],"jetpack_publicize_connections":[],"jetpack_featured_media_url":"http:\/\/enteculturalsantafesino.com.ar\/usina3\/wp-content\/uploads\/2022\/04\/278796671_383830483750738_760869897923662077_n.jpg","jetpack_sharing_enabled":true,"_links":{"self":[{"href":"http:\/\/enteculturalsantafesino.com.ar\/usina3\/wp-json\/wp\/v2\/posts\/14017"}],"collection":[{"href":"http:\/\/enteculturalsantafesino.com.ar\/usina3\/wp-json\/wp\/v2\/posts"}],"about":[{"href":"http:\/\/enteculturalsantafesino.com.ar\/usina3\/wp-json\/wp\/v2\/types\/post"}],"author":[{"embeddable":true,"href":"http:\/\/enteculturalsantafesino.com.ar\/usina3\/wp-json\/wp\/v2\/users\/3"}],"replies":[{"embeddable":true,"href":"http:\/\/enteculturalsantafesino.com.ar\/usina3\/wp-json\/wp\/v2\/comments?post=14017"}],"version-history":[{"count":2,"href":"http:\/\/enteculturalsantafesino.com.ar\/usina3\/wp-json\/wp\/v2\/posts\/14017\/revisions"}],"predecessor-version":[{"id":14025,"href":"http:\/\/enteculturalsantafesino.com.ar\/usina3\/wp-json\/wp\/v2\/posts\/14017\/revisions\/14025"}],"wp:featuredmedia":[{"embeddable":true,"href":"http:\/\/enteculturalsantafesino.com.ar\/usina3\/wp-json\/wp\/v2\/media\/14018"}],"wp:attachment":[{"href":"http:\/\/enteculturalsantafesino.com.ar\/usina3\/wp-json\/wp\/v2\/media?parent=14017"}],"wp:term":[{"taxonomy":"category","embeddable":true,"href":"http:\/\/enteculturalsantafesino.com.ar\/usina3\/wp-json\/wp\/v2\/categories?post=14017"},{"taxonomy":"post_tag","embeddable":true,"href":"http:\/\/enteculturalsantafesino.com.ar\/usina3\/wp-json\/wp\/v2\/tags?post=14017"}],"curies":[{"name":"wp","href":"https:\/\/api.w.org\/{rel}","templated":true}]}}