{"id":14020,"date":"2022-04-23T13:41:05","date_gmt":"2022-04-23T13:41:05","guid":{"rendered":"http:\/\/enteculturalsantafesino.com.ar\/usina3\/?p=14020"},"modified":"2022-04-23T13:41:08","modified_gmt":"2022-04-23T13:41:08","slug":"malvinas-por-los-pueblos-llego-a-la-comunidad-de-villada","status":"publish","type":"post","link":"http:\/\/enteculturalsantafesino.com.ar\/usina3\/2022\/04\/malvinas-por-los-pueblos-llego-a-la-comunidad-de-villada\/","title":{"rendered":"\u00abMalvinas por los pueblos\u00bb lleg\u00f3 a la comunidad de Villada"},"content":{"rendered":"\n<p>Desde el\u00a0<strong>mi\u00e9rcoles 20 al viernes 22\u00a0de abril <\/strong>en el\u00a0SUM Comunal\u00a0se expone la Muestra <strong>\u00a0\u201cMalvinas por los Pueblos\u201d\u00a0<\/strong><\/p>\n\n\n\n<p><strong>Durante la ma\u00f1ana del jueves 21 el Prof. Ernesto Failo &#8211; ex combatiente y sobreviviente del Crucero Gral.Belgrano &#8211; junto a la Lic. Claudia Giaccone fueron recibidos por la Presidenta Comunal Janina Bernardi y su equipo de trabajo.<\/strong><\/p>\n\n\n\n<p>Este\u00a0Programa<strong> \u00abMalvinas por los Pueblos\u00bb\u00a0<\/strong>es producto de gestiones mancomunadas entre la Comuna de Los Molinos, la Secretaria de Malvinas, Ant\u00e1rtida y Atl\u00e1ntico Sur y el Ente Cultural Santafesino y marcar\u00e1 la ruta a recorrer entre las distintas secretarias de cultura de municipios y comunas a fin de que dicha Muestra itinerante llegue junto al Profesor Ernesto Failo, posibilitando una conferencia al final de la jornada con cada habitante del territorio santafesino\u00bb.<\/p>\n\n\n\n<p>\u00abQueremos agradecer especialmente al Secretario de Malvinas, Ant\u00e1rtida y Atl\u00e1ntico Sur, Dr Guillermo Carmona, quien dispuso de este material que permitir\u00e1 conocer mucho m\u00e1s sobre nuestras Islas Malvinas, su historia y su geograf\u00eda en un a\u00f1o muy importante para todos los argentinos en el que seguiremos reclamando nuestros derechos soberanos\u00bb.<\/p>\n\n\n\n<p>Failo manifesto: \u201cyo cuento mi experiencia y un poco la historia de Las Malvinas, por qu\u00e9 la reivindicaci\u00f3n permanente, el pedido de soberan\u00eda, y despu\u00e9s comento un poco qu\u00e9 pasaba en marzo del 82, c\u00f3mo se llega a la toma de las islas y de ah\u00ed en m\u00e1s qu\u00e9 hac\u00edamos nosotros en el Belgrano y desarrollo toda mi experiencia\u201d.<\/p>\n","protected":false},"excerpt":{"rendered":"<p>Desde el\u00a0mi\u00e9rcoles 20 al viernes 22\u00a0de abril en el\u00a0SUM Comunal\u00a0se expone la Muestra \u00a0\u201cMalvinas por los Pueblos\u201d\u00a0 [&hellip;]<\/p>\n","protected":false},"author":3,"featured_media":14021,"comment_status":"open","ping_status":"open","sticky":false,"template":"","format":"standard","meta":{"_jetpack_memberships_contains_paid_content":false,"footnotes":"","jetpack_publicize_message":"","jetpack_publicize_feature_enabled":true,"jetpack_social_post_already_shared":true,"jetpack_social_options":{"image_generator_settings":{"template":"highway","enabled":false}}},"categories":[4,34],"tags":[],"jetpack_publicize_connections":[],"jetpack_featured_media_url":"http:\/\/enteculturalsantafesino.com.ar\/usina3\/wp-content\/uploads\/2022\/04\/c221a1f8-7a3f-4ae6-884f-c27a5e6a512f.jpg","jetpack_sharing_enabled":true,"_links":{"self":[{"href":"http:\/\/enteculturalsantafesino.com.ar\/usina3\/wp-json\/wp\/v2\/posts\/14020"}],"collection":[{"href":"http:\/\/enteculturalsantafesino.com.ar\/usina3\/wp-json\/wp\/v2\/posts"}],"about":[{"href":"http:\/\/enteculturalsantafesino.com.ar\/usina3\/wp-json\/wp\/v2\/types\/post"}],"author":[{"embeddable":true,"href":"http:\/\/enteculturalsantafesino.com.ar\/usina3\/wp-json\/wp\/v2\/users\/3"}],"replies":[{"embeddable":true,"href":"http:\/\/enteculturalsantafesino.com.ar\/usina3\/wp-json\/wp\/v2\/comments?post=14020"}],"version-history":[{"count":1,"href":"http:\/\/enteculturalsantafesino.com.ar\/usina3\/wp-json\/wp\/v2\/posts\/14020\/revisions"}],"predecessor-version":[{"id":14022,"href":"http:\/\/enteculturalsantafesino.com.ar\/usina3\/wp-json\/wp\/v2\/posts\/14020\/revisions\/14022"}],"wp:featuredmedia":[{"embeddable":true,"href":"http:\/\/enteculturalsantafesino.com.ar\/usina3\/wp-json\/wp\/v2\/media\/14021"}],"wp:attachment":[{"href":"http:\/\/enteculturalsantafesino.com.ar\/usina3\/wp-json\/wp\/v2\/media?parent=14020"}],"wp:term":[{"taxonomy":"category","embeddable":true,"href":"http:\/\/enteculturalsantafesino.com.ar\/usina3\/wp-json\/wp\/v2\/categories?post=14020"},{"taxonomy":"post_tag","embeddable":true,"href":"http:\/\/enteculturalsantafesino.com.ar\/usina3\/wp-json\/wp\/v2\/tags?post=14020"}],"curies":[{"name":"wp","href":"https:\/\/api.w.org\/{rel}","templated":true}]}}