{"id":14030,"date":"2022-04-28T21:04:19","date_gmt":"2022-04-28T21:04:19","guid":{"rendered":"http:\/\/enteculturalsantafesino.com.ar\/usina3\/?p=14030"},"modified":"2022-04-28T21:32:12","modified_gmt":"2022-04-28T21:32:12","slug":"malvinas-por-los-pueblos-paso-por-sanford","status":"publish","type":"post","link":"http:\/\/enteculturalsantafesino.com.ar\/usina3\/2022\/04\/malvinas-por-los-pueblos-paso-por-sanford\/","title":{"rendered":"\u201cMalvinas por los Pueblos\u201d pas\u00f3 por Sanford"},"content":{"rendered":"\n<p>Desde el <strong>martes 26 <\/strong>al<strong> viernes 29<\/strong>\u00a0<strong>de abril<\/strong>\u00a0en la\u00a0<strong>Biblioteca y Galer\u00eda de la E.E.S.O.P.I. N\u00b0 8215 Leopoldo Lugones<\/strong> se expone la Muestra\u00a0<strong>\u201cMalvinas por los Pueblos\u201d\u00a0<\/strong><\/p>\n\n\n\n<p><strong>Durante la ma\u00f1ana del jueves 28 el Prof. Ernesto Failo \u2013 ex combatiente y sobreviviente del Crucero Gral. Belgrano \u2013 junto a la Lic. Claudia Giaccone fueron recibidos por las autoridades de la instituci\u00f3n educativa.<\/strong><\/p>\n\n\n\n<p>Este\u00a0Programa<strong>\u00a0\u00abMalvinas por los Pueblos\u00bb\u00a0<\/strong>es producto de gestiones mancomunadas entre la <strong>Comuna de Los Molinos, la Secretaria de Malvinas, Ant\u00e1rtida y Atl\u00e1ntico Sur <\/strong>y el<strong> Ente Cultural Santafesino<\/strong> y marcar\u00e1 la ruta a recorrer entre las distintas secretarias de cultura de municipios y comunas a fin de que dicha Muestra itinerante llegue junto al Profesor Ernesto Failo, posibilitando una conferencia al final de la jornada con cada habitante del territorio santafesino\u00bb.<\/p>\n\n\n\n<p><em>\u00abQueremos agradecer especialmente al Secretario de Malvinas, Ant\u00e1rtida y Atl\u00e1ntico Sur, Dr Guillermo Carmona, quien dispuso de este material que permitir\u00e1 conocer mucho m\u00e1s sobre nuestras Islas Malvinas, su historia y su geograf\u00eda en un a\u00f1o muy importante para todos los argentinos en el que seguiremos reclamando nuestros derechos soberanos\u00bb<\/em>. manifest\u00f3 <strong>Claudia Giaccone<\/strong><\/p>\n\n\n\n<p>Failo manifesto: <em>\u201cyo cuento mi experiencia y un poco la historia de Las Malvinas, por qu\u00e9 la reivindicaci\u00f3n permanente, el pedido de soberan\u00eda, y despu\u00e9s comento un poco qu\u00e9 pasaba en marzo del 82, c\u00f3mo se llega a la toma de las islas y de ah\u00ed en m\u00e1s qu\u00e9 hac\u00edamos nosotros en el Belgrano y desarrollo toda mi experiencia\u201d.<\/em><\/p>\n\n\n\n<figure class=\"wp-block-gallery columns-5 is-cropped wp-block-gallery-1 is-layout-flex wp-block-gallery-is-layout-flex\"><ul class=\"blocks-gallery-grid\"><li class=\"blocks-gallery-item\"><figure><img loading=\"lazy\" decoding=\"async\" width=\"1024\" height=\"768\" src=\"http:\/\/enteculturalsantafesino.com.ar\/usina3\/wp-content\/uploads\/2022\/04\/0ab51ff4-c4f2-4a40-9ee2-afeeb4895461-1024x768.jpg\" alt=\"\" data-id=\"14031\" data-full-url=\"http:\/\/enteculturalsantafesino.com.ar\/usina3\/wp-content\/uploads\/2022\/04\/0ab51ff4-c4f2-4a40-9ee2-afeeb4895461.jpg\" data-link=\"http:\/\/enteculturalsantafesino.com.ar\/usina3\/?attachment_id=14031\" class=\"wp-image-14031\" srcset=\"http:\/\/enteculturalsantafesino.com.ar\/usina3\/wp-content\/uploads\/2022\/04\/0ab51ff4-c4f2-4a40-9ee2-afeeb4895461-1024x768.jpg 1024w, http:\/\/enteculturalsantafesino.com.ar\/usina3\/wp-content\/uploads\/2022\/04\/0ab51ff4-c4f2-4a40-9ee2-afeeb4895461-300x225.jpg 300w, http:\/\/enteculturalsantafesino.com.ar\/usina3\/wp-content\/uploads\/2022\/04\/0ab51ff4-c4f2-4a40-9ee2-afeeb4895461-768x576.jpg 768w, http:\/\/enteculturalsantafesino.com.ar\/usina3\/wp-content\/uploads\/2022\/04\/0ab51ff4-c4f2-4a40-9ee2-afeeb4895461.jpg 1280w\" sizes=\"(max-width: 1024px) 100vw, 1024px\" \/><\/figure><\/li><li class=\"blocks-gallery-item\"><figure><img loading=\"lazy\" decoding=\"async\" width=\"1024\" height=\"768\" src=\"http:\/\/enteculturalsantafesino.com.ar\/usina3\/wp-content\/uploads\/2022\/04\/92b39379-bb64-45dd-ab55-24e5e1320365-1024x768.jpg\" alt=\"\" data-id=\"14032\" data-full-url=\"http:\/\/enteculturalsantafesino.com.ar\/usina3\/wp-content\/uploads\/2022\/04\/92b39379-bb64-45dd-ab55-24e5e1320365.jpg\" data-link=\"http:\/\/enteculturalsantafesino.com.ar\/usina3\/?attachment_id=14032\" class=\"wp-image-14032\" srcset=\"http:\/\/enteculturalsantafesino.com.ar\/usina3\/wp-content\/uploads\/2022\/04\/92b39379-bb64-45dd-ab55-24e5e1320365-1024x768.jpg 1024w, http:\/\/enteculturalsantafesino.com.ar\/usina3\/wp-content\/uploads\/2022\/04\/92b39379-bb64-45dd-ab55-24e5e1320365-300x225.jpg 300w, http:\/\/enteculturalsantafesino.com.ar\/usina3\/wp-content\/uploads\/2022\/04\/92b39379-bb64-45dd-ab55-24e5e1320365-768x576.jpg 768w, http:\/\/enteculturalsantafesino.com.ar\/usina3\/wp-content\/uploads\/2022\/04\/92b39379-bb64-45dd-ab55-24e5e1320365.jpg 1280w\" sizes=\"(max-width: 1024px) 100vw, 1024px\" \/><\/figure><\/li><li class=\"blocks-gallery-item\"><figure><img loading=\"lazy\" decoding=\"async\" width=\"1024\" height=\"768\" src=\"http:\/\/enteculturalsantafesino.com.ar\/usina3\/wp-content\/uploads\/2022\/04\/59d5027c-35d9-4b87-a69f-c65cfecc6efb-1024x768.jpg\" alt=\"\" data-id=\"14033\" data-full-url=\"http:\/\/enteculturalsantafesino.com.ar\/usina3\/wp-content\/uploads\/2022\/04\/59d5027c-35d9-4b87-a69f-c65cfecc6efb.jpg\" data-link=\"http:\/\/enteculturalsantafesino.com.ar\/usina3\/?attachment_id=14033\" class=\"wp-image-14033\" srcset=\"http:\/\/enteculturalsantafesino.com.ar\/usina3\/wp-content\/uploads\/2022\/04\/59d5027c-35d9-4b87-a69f-c65cfecc6efb-1024x768.jpg 1024w, http:\/\/enteculturalsantafesino.com.ar\/usina3\/wp-content\/uploads\/2022\/04\/59d5027c-35d9-4b87-a69f-c65cfecc6efb-300x225.jpg 300w, http:\/\/enteculturalsantafesino.com.ar\/usina3\/wp-content\/uploads\/2022\/04\/59d5027c-35d9-4b87-a69f-c65cfecc6efb-768x576.jpg 768w, http:\/\/enteculturalsantafesino.com.ar\/usina3\/wp-content\/uploads\/2022\/04\/59d5027c-35d9-4b87-a69f-c65cfecc6efb.jpg 1280w\" sizes=\"(max-width: 1024px) 100vw, 1024px\" \/><\/figure><\/li><li class=\"blocks-gallery-item\"><figure><img loading=\"lazy\" decoding=\"async\" width=\"1024\" height=\"768\" src=\"http:\/\/enteculturalsantafesino.com.ar\/usina3\/wp-content\/uploads\/2022\/04\/ce6b61d9-c24c-4ac2-8066-a4708a308784-1024x768.jpg\" alt=\"\" data-id=\"14034\" data-full-url=\"http:\/\/enteculturalsantafesino.com.ar\/usina3\/wp-content\/uploads\/2022\/04\/ce6b61d9-c24c-4ac2-8066-a4708a308784.jpg\" data-link=\"http:\/\/enteculturalsantafesino.com.ar\/usina3\/?attachment_id=14034\" class=\"wp-image-14034\" srcset=\"http:\/\/enteculturalsantafesino.com.ar\/usina3\/wp-content\/uploads\/2022\/04\/ce6b61d9-c24c-4ac2-8066-a4708a308784-1024x768.jpg 1024w, http:\/\/enteculturalsantafesino.com.ar\/usina3\/wp-content\/uploads\/2022\/04\/ce6b61d9-c24c-4ac2-8066-a4708a308784-300x225.jpg 300w, http:\/\/enteculturalsantafesino.com.ar\/usina3\/wp-content\/uploads\/2022\/04\/ce6b61d9-c24c-4ac2-8066-a4708a308784-768x576.jpg 768w, http:\/\/enteculturalsantafesino.com.ar\/usina3\/wp-content\/uploads\/2022\/04\/ce6b61d9-c24c-4ac2-8066-a4708a308784.jpg 1280w\" sizes=\"(max-width: 1024px) 100vw, 1024px\" \/><\/figure><\/li><li class=\"blocks-gallery-item\"><figure><img loading=\"lazy\" decoding=\"async\" width=\"1024\" height=\"768\" src=\"http:\/\/enteculturalsantafesino.com.ar\/usina3\/wp-content\/uploads\/2022\/04\/f272d8e9-268b-43e9-8a60-d0a2caa61a3e-1024x768.jpg\" alt=\"\" data-id=\"14035\" data-full-url=\"http:\/\/enteculturalsantafesino.com.ar\/usina3\/wp-content\/uploads\/2022\/04\/f272d8e9-268b-43e9-8a60-d0a2caa61a3e.jpg\" data-link=\"http:\/\/enteculturalsantafesino.com.ar\/usina3\/?attachment_id=14035\" class=\"wp-image-14035\" srcset=\"http:\/\/enteculturalsantafesino.com.ar\/usina3\/wp-content\/uploads\/2022\/04\/f272d8e9-268b-43e9-8a60-d0a2caa61a3e-1024x768.jpg 1024w, http:\/\/enteculturalsantafesino.com.ar\/usina3\/wp-content\/uploads\/2022\/04\/f272d8e9-268b-43e9-8a60-d0a2caa61a3e-300x225.jpg 300w, http:\/\/enteculturalsantafesino.com.ar\/usina3\/wp-content\/uploads\/2022\/04\/f272d8e9-268b-43e9-8a60-d0a2caa61a3e-768x576.jpg 768w, http:\/\/enteculturalsantafesino.com.ar\/usina3\/wp-content\/uploads\/2022\/04\/f272d8e9-268b-43e9-8a60-d0a2caa61a3e.jpg 1280w\" sizes=\"(max-width: 1024px) 100vw, 1024px\" \/><\/figure><\/li><\/ul><\/figure>\n","protected":false},"excerpt":{"rendered":"<p>Desde el martes 26 al viernes 29\u00a0de abril\u00a0en la\u00a0Biblioteca y Galer\u00eda de la E.E.S.O.P.I. N\u00b0 8215 Leopoldo [&hellip;]<\/p>\n","protected":false},"author":3,"featured_media":14031,"comment_status":"open","ping_status":"open","sticky":false,"template":"","format":"standard","meta":{"_jetpack_memberships_contains_paid_content":false,"footnotes":"","jetpack_publicize_message":"","jetpack_publicize_feature_enabled":true,"jetpack_social_post_already_shared":true,"jetpack_social_options":{"image_generator_settings":{"template":"highway","enabled":false}}},"categories":[4,50],"tags":[],"jetpack_publicize_connections":[],"jetpack_featured_media_url":"http:\/\/enteculturalsantafesino.com.ar\/usina3\/wp-content\/uploads\/2022\/04\/0ab51ff4-c4f2-4a40-9ee2-afeeb4895461.jpg","jetpack_sharing_enabled":true,"_links":{"self":[{"href":"http:\/\/enteculturalsantafesino.com.ar\/usina3\/wp-json\/wp\/v2\/posts\/14030"}],"collection":[{"href":"http:\/\/enteculturalsantafesino.com.ar\/usina3\/wp-json\/wp\/v2\/posts"}],"about":[{"href":"http:\/\/enteculturalsantafesino.com.ar\/usina3\/wp-json\/wp\/v2\/types\/post"}],"author":[{"embeddable":true,"href":"http:\/\/enteculturalsantafesino.com.ar\/usina3\/wp-json\/wp\/v2\/users\/3"}],"replies":[{"embeddable":true,"href":"http:\/\/enteculturalsantafesino.com.ar\/usina3\/wp-json\/wp\/v2\/comments?post=14030"}],"version-history":[{"count":1,"href":"http:\/\/enteculturalsantafesino.com.ar\/usina3\/wp-json\/wp\/v2\/posts\/14030\/revisions"}],"predecessor-version":[{"id":14036,"href":"http:\/\/enteculturalsantafesino.com.ar\/usina3\/wp-json\/wp\/v2\/posts\/14030\/revisions\/14036"}],"wp:featuredmedia":[{"embeddable":true,"href":"http:\/\/enteculturalsantafesino.com.ar\/usina3\/wp-json\/wp\/v2\/media\/14031"}],"wp:attachment":[{"href":"http:\/\/enteculturalsantafesino.com.ar\/usina3\/wp-json\/wp\/v2\/media?parent=14030"}],"wp:term":[{"taxonomy":"category","embeddable":true,"href":"http:\/\/enteculturalsantafesino.com.ar\/usina3\/wp-json\/wp\/v2\/categories?post=14030"},{"taxonomy":"post_tag","embeddable":true,"href":"http:\/\/enteculturalsantafesino.com.ar\/usina3\/wp-json\/wp\/v2\/tags?post=14030"}],"curies":[{"name":"wp","href":"https:\/\/api.w.org\/{rel}","templated":true}]}}