{"id":14059,"date":"2022-05-04T11:01:45","date_gmt":"2022-05-04T11:01:45","guid":{"rendered":"http:\/\/enteculturalsantafesino.com.ar\/usina3\/?p=14059"},"modified":"2022-05-04T11:01:47","modified_gmt":"2022-05-04T11:01:47","slug":"se-presento-en-arroyo-seco-la-muestra-la-intimidad-descubierta-de-jose-bustamante","status":"publish","type":"post","link":"http:\/\/enteculturalsantafesino.com.ar\/usina3\/2022\/05\/se-presento-en-arroyo-seco-la-muestra-la-intimidad-descubierta-de-jose-bustamante\/","title":{"rendered":"Se present\u00f3 en Arroyo Seco la muestra \u00abLa Intimidad Descubierta\u00bb de Jos\u00e9 Bustamante"},"content":{"rendered":"\n<p>El <strong>martes 3 de mayo<\/strong> se present\u00f3 por medio de la <strong>Secretar\u00eda de Cultura, Deportes y Educaci\u00f3n<\/strong>, se present\u00f3 la muestra art\u00edstica en nuestro <strong>Centro Cultural \u00abGuillermo Furlong\u00bb <\/strong>denominada<strong> \u00abLa intimidad descubierta\u00bb<\/strong> de Jos\u00e9 Bustamante.<\/p>\n\n\n\n<p>La apertura oficial en el edificio de calle Belgrano 540 tuvo la participaci\u00f3n musical del joven Iago Junco, acompa\u00f1ando un gran clima junto a familiares, amigos y vecinos que se acercaron a apreciar el gran trabajo de Jos\u00e9.<\/p>\n\n\n\n<p>Te invitamos a pasar por el \u00abGuillermo Furlong\u00bb a disfrutar de la muestra que permanecer\u00e1 hasta la inauguraci\u00f3n de una nueva propuesta<\/p>\n","protected":false},"excerpt":{"rendered":"<p>El martes 3 de mayo se present\u00f3 por medio de la Secretar\u00eda de Cultura, Deportes y Educaci\u00f3n, [&hellip;]<\/p>\n","protected":false},"author":3,"featured_media":14060,"comment_status":"open","ping_status":"open","sticky":false,"template":"","format":"standard","meta":{"_jetpack_memberships_contains_paid_content":false,"footnotes":"","jetpack_publicize_message":"","jetpack_publicize_feature_enabled":true,"jetpack_social_post_already_shared":true,"jetpack_social_options":{"image_generator_settings":{"template":"highway","enabled":false}}},"categories":[19],"tags":[],"jetpack_publicize_connections":[],"jetpack_featured_media_url":"http:\/\/enteculturalsantafesino.com.ar\/usina3\/wp-content\/uploads\/2022\/05\/279684717_361226462700768_4082594555314436608_n.jpg","jetpack_sharing_enabled":true,"_links":{"self":[{"href":"http:\/\/enteculturalsantafesino.com.ar\/usina3\/wp-json\/wp\/v2\/posts\/14059"}],"collection":[{"href":"http:\/\/enteculturalsantafesino.com.ar\/usina3\/wp-json\/wp\/v2\/posts"}],"about":[{"href":"http:\/\/enteculturalsantafesino.com.ar\/usina3\/wp-json\/wp\/v2\/types\/post"}],"author":[{"embeddable":true,"href":"http:\/\/enteculturalsantafesino.com.ar\/usina3\/wp-json\/wp\/v2\/users\/3"}],"replies":[{"embeddable":true,"href":"http:\/\/enteculturalsantafesino.com.ar\/usina3\/wp-json\/wp\/v2\/comments?post=14059"}],"version-history":[{"count":1,"href":"http:\/\/enteculturalsantafesino.com.ar\/usina3\/wp-json\/wp\/v2\/posts\/14059\/revisions"}],"predecessor-version":[{"id":14061,"href":"http:\/\/enteculturalsantafesino.com.ar\/usina3\/wp-json\/wp\/v2\/posts\/14059\/revisions\/14061"}],"wp:featuredmedia":[{"embeddable":true,"href":"http:\/\/enteculturalsantafesino.com.ar\/usina3\/wp-json\/wp\/v2\/media\/14060"}],"wp:attachment":[{"href":"http:\/\/enteculturalsantafesino.com.ar\/usina3\/wp-json\/wp\/v2\/media?parent=14059"}],"wp:term":[{"taxonomy":"category","embeddable":true,"href":"http:\/\/enteculturalsantafesino.com.ar\/usina3\/wp-json\/wp\/v2\/categories?post=14059"},{"taxonomy":"post_tag","embeddable":true,"href":"http:\/\/enteculturalsantafesino.com.ar\/usina3\/wp-json\/wp\/v2\/tags?post=14059"}],"curies":[{"name":"wp","href":"https:\/\/api.w.org\/{rel}","templated":true}]}}