{"id":14073,"date":"2022-05-10T11:49:35","date_gmt":"2022-05-10T11:49:35","guid":{"rendered":"http:\/\/enteculturalsantafesino.com.ar\/usina3\/?p=14073"},"modified":"2022-05-10T11:50:44","modified_gmt":"2022-05-10T11:50:44","slug":"malvinas-por-los-pueblos-paso-por-san-jose-de-la-esquina","status":"publish","type":"post","link":"http:\/\/enteculturalsantafesino.com.ar\/usina3\/2022\/05\/malvinas-por-los-pueblos-paso-por-san-jose-de-la-esquina\/","title":{"rendered":"\u00abMalvinas por los pueblos\u00bb pas\u00f3 por San Jos\u00e9 de la Esquina"},"content":{"rendered":"\n<p>El<strong> lunes 9<\/strong> en las instalaciones de la <strong>Escuela de Educaci\u00f3n Secundaria Orientada N\u00b0 226 <\/strong>se expuso la <strong>Muestra \u201cMalvinas por los Pueblos\u201d<\/strong> y la conferencia del <strong>Prof. Ernesto Failo \u2013 ex combatiente y sobreviviente del Crucero Gral. Belgrano<\/strong>.<\/p>\n\n\n\n<p>El programa <strong>\u00abMalvinas por los Pueblos\u00bb<\/strong> es producto de gestiones mancomunadas entre la<strong> Comuna de Los Molinos, la Secretaria de Malvinas, Ant\u00e1rtida y Atl\u00e1ntico Sur <\/strong>y el <strong>Ente Cultural Santafesino<\/strong> y marcar\u00e1 la ruta a recorrer entre las distintas secretarias de cultura de municipios y comunas a fin de que dicha Muestra itinerante llegue junto al Profesor Ernesto Failo, posibilitando una conferencia al final de la jornada con cada habitante del territorio santafesino\u00bb manifest\u00f3 la<strong> Lic. Claudia Giaccone.<\/strong><\/p>\n\n\n\n<p>La Muestra Nacional consta de dieciocho placas alusivas que demuestran que durante el dominio argentino en las Islas Malvinas existi\u00f3 una voluntad firme y continua de habitarlas sin ser un p\u00e1ramo abandonado cuando fue invadida por los ingleses. Recoge las evidencias de la ocupaci\u00f3n y poblamiento de las Malvinas entre 1764 y 1833, probando la existencia de un n\u00facleo efectivo de vida cotidiana estable en las islas y reivindicando el car\u00e1cter de los verdaderos habitantes originales, luego de las sucesivas presencias francesa y espa\u00f1ola y los intentos brit\u00e1nicos de ocupaci\u00f3n.<\/p>\n\n\n\n<p>De la jornada participaron la <em>Lic. Claudia Giaccone, Cecilia De Francesco (Directora de la Usina III sur), Jorge Paladini &#8211; Presidente Comunal de Los Molinos y autoridades de las entidades educativas<\/em>.<\/p>\n\n\n\n<figure class=\"wp-block-gallery columns-4 is-cropped wp-block-gallery-1 is-layout-flex wp-block-gallery-is-layout-flex\"><ul class=\"blocks-gallery-grid\"><li class=\"blocks-gallery-item\"><figure><img loading=\"lazy\" decoding=\"async\" width=\"1024\" height=\"768\" src=\"http:\/\/enteculturalsantafesino.com.ar\/usina3\/wp-content\/uploads\/2022\/05\/280408495_396334692500317_7579484448092522822_n-1024x768.jpg\" alt=\"\" data-id=\"14080\" data-full-url=\"http:\/\/enteculturalsantafesino.com.ar\/usina3\/wp-content\/uploads\/2022\/05\/280408495_396334692500317_7579484448092522822_n.jpg\" data-link=\"http:\/\/enteculturalsantafesino.com.ar\/usina3\/?attachment_id=14080\" class=\"wp-image-14080\" srcset=\"http:\/\/enteculturalsantafesino.com.ar\/usina3\/wp-content\/uploads\/2022\/05\/280408495_396334692500317_7579484448092522822_n-1024x768.jpg 1024w, http:\/\/enteculturalsantafesino.com.ar\/usina3\/wp-content\/uploads\/2022\/05\/280408495_396334692500317_7579484448092522822_n-300x225.jpg 300w, http:\/\/enteculturalsantafesino.com.ar\/usina3\/wp-content\/uploads\/2022\/05\/280408495_396334692500317_7579484448092522822_n-768x576.jpg 768w, http:\/\/enteculturalsantafesino.com.ar\/usina3\/wp-content\/uploads\/2022\/05\/280408495_396334692500317_7579484448092522822_n.jpg 1080w\" sizes=\"(max-width: 1024px) 100vw, 1024px\" \/><\/figure><\/li><li class=\"blocks-gallery-item\"><figure><img loading=\"lazy\" decoding=\"async\" width=\"1024\" height=\"768\" src=\"http:\/\/enteculturalsantafesino.com.ar\/usina3\/wp-content\/uploads\/2022\/05\/280292649_396334545833665_3886206773922820940_n-1024x768.jpg\" alt=\"\" data-id=\"14081\" data-full-url=\"http:\/\/enteculturalsantafesino.com.ar\/usina3\/wp-content\/uploads\/2022\/05\/280292649_396334545833665_3886206773922820940_n.jpg\" data-link=\"http:\/\/enteculturalsantafesino.com.ar\/usina3\/?attachment_id=14081\" class=\"wp-image-14081\" srcset=\"http:\/\/enteculturalsantafesino.com.ar\/usina3\/wp-content\/uploads\/2022\/05\/280292649_396334545833665_3886206773922820940_n-1024x768.jpg 1024w, http:\/\/enteculturalsantafesino.com.ar\/usina3\/wp-content\/uploads\/2022\/05\/280292649_396334545833665_3886206773922820940_n-300x225.jpg 300w, http:\/\/enteculturalsantafesino.com.ar\/usina3\/wp-content\/uploads\/2022\/05\/280292649_396334545833665_3886206773922820940_n-768x576.jpg 768w, http:\/\/enteculturalsantafesino.com.ar\/usina3\/wp-content\/uploads\/2022\/05\/280292649_396334545833665_3886206773922820940_n.jpg 1080w\" sizes=\"(max-width: 1024px) 100vw, 1024px\" \/><\/figure><\/li><li class=\"blocks-gallery-item\"><figure><img loading=\"lazy\" decoding=\"async\" width=\"788\" height=\"591\" src=\"http:\/\/enteculturalsantafesino.com.ar\/usina3\/wp-content\/uploads\/2022\/05\/279969214_396334599166993_7842214121611822513_n.jpg\" alt=\"\" data-id=\"14082\" data-full-url=\"http:\/\/enteculturalsantafesino.com.ar\/usina3\/wp-content\/uploads\/2022\/05\/279969214_396334599166993_7842214121611822513_n.jpg\" data-link=\"http:\/\/enteculturalsantafesino.com.ar\/usina3\/?attachment_id=14082\" class=\"wp-image-14082\" srcset=\"http:\/\/enteculturalsantafesino.com.ar\/usina3\/wp-content\/uploads\/2022\/05\/279969214_396334599166993_7842214121611822513_n.jpg 788w, http:\/\/enteculturalsantafesino.com.ar\/usina3\/wp-content\/uploads\/2022\/05\/279969214_396334599166993_7842214121611822513_n-300x225.jpg 300w, http:\/\/enteculturalsantafesino.com.ar\/usina3\/wp-content\/uploads\/2022\/05\/279969214_396334599166993_7842214121611822513_n-768x576.jpg 768w\" sizes=\"(max-width: 788px) 100vw, 788px\" \/><\/figure><\/li><li class=\"blocks-gallery-item\"><figure><img loading=\"lazy\" decoding=\"async\" width=\"788\" height=\"591\" src=\"http:\/\/enteculturalsantafesino.com.ar\/usina3\/wp-content\/uploads\/2022\/05\/279923964_396334635833656_9107129678041190912_n.jpg\" alt=\"\" data-id=\"14083\" data-full-url=\"http:\/\/enteculturalsantafesino.com.ar\/usina3\/wp-content\/uploads\/2022\/05\/279923964_396334635833656_9107129678041190912_n.jpg\" data-link=\"http:\/\/enteculturalsantafesino.com.ar\/usina3\/?attachment_id=14083\" class=\"wp-image-14083\" srcset=\"http:\/\/enteculturalsantafesino.com.ar\/usina3\/wp-content\/uploads\/2022\/05\/279923964_396334635833656_9107129678041190912_n.jpg 788w, http:\/\/enteculturalsantafesino.com.ar\/usina3\/wp-content\/uploads\/2022\/05\/279923964_396334635833656_9107129678041190912_n-300x225.jpg 300w, http:\/\/enteculturalsantafesino.com.ar\/usina3\/wp-content\/uploads\/2022\/05\/279923964_396334635833656_9107129678041190912_n-768x576.jpg 768w\" sizes=\"(max-width: 788px) 100vw, 788px\" \/><\/figure><\/li><\/ul><\/figure>\n\n\n\n<p><\/p>\n","protected":false},"excerpt":{"rendered":"<p>El lunes 9 en las instalaciones de la Escuela de Educaci\u00f3n Secundaria Orientada N\u00b0 226 se expuso [&hellip;]<\/p>\n","protected":false},"author":3,"featured_media":14081,"comment_status":"open","ping_status":"open","sticky":false,"template":"","format":"standard","meta":{"_jetpack_memberships_contains_paid_content":false,"footnotes":"","jetpack_publicize_message":"","jetpack_publicize_feature_enabled":true,"jetpack_social_post_already_shared":true,"jetpack_social_options":{"image_generator_settings":{"template":"highway","enabled":false}}},"categories":[4],"tags":[],"jetpack_publicize_connections":[],"jetpack_featured_media_url":"http:\/\/enteculturalsantafesino.com.ar\/usina3\/wp-content\/uploads\/2022\/05\/280292649_396334545833665_3886206773922820940_n.jpg","jetpack_sharing_enabled":true,"_links":{"self":[{"href":"http:\/\/enteculturalsantafesino.com.ar\/usina3\/wp-json\/wp\/v2\/posts\/14073"}],"collection":[{"href":"http:\/\/enteculturalsantafesino.com.ar\/usina3\/wp-json\/wp\/v2\/posts"}],"about":[{"href":"http:\/\/enteculturalsantafesino.com.ar\/usina3\/wp-json\/wp\/v2\/types\/post"}],"author":[{"embeddable":true,"href":"http:\/\/enteculturalsantafesino.com.ar\/usina3\/wp-json\/wp\/v2\/users\/3"}],"replies":[{"embeddable":true,"href":"http:\/\/enteculturalsantafesino.com.ar\/usina3\/wp-json\/wp\/v2\/comments?post=14073"}],"version-history":[{"count":2,"href":"http:\/\/enteculturalsantafesino.com.ar\/usina3\/wp-json\/wp\/v2\/posts\/14073\/revisions"}],"predecessor-version":[{"id":14084,"href":"http:\/\/enteculturalsantafesino.com.ar\/usina3\/wp-json\/wp\/v2\/posts\/14073\/revisions\/14084"}],"wp:featuredmedia":[{"embeddable":true,"href":"http:\/\/enteculturalsantafesino.com.ar\/usina3\/wp-json\/wp\/v2\/media\/14081"}],"wp:attachment":[{"href":"http:\/\/enteculturalsantafesino.com.ar\/usina3\/wp-json\/wp\/v2\/media?parent=14073"}],"wp:term":[{"taxonomy":"category","embeddable":true,"href":"http:\/\/enteculturalsantafesino.com.ar\/usina3\/wp-json\/wp\/v2\/categories?post=14073"},{"taxonomy":"post_tag","embeddable":true,"href":"http:\/\/enteculturalsantafesino.com.ar\/usina3\/wp-json\/wp\/v2\/tags?post=14073"}],"curies":[{"name":"wp","href":"https:\/\/api.w.org\/{rel}","templated":true}]}}