{"id":14088,"date":"2022-05-13T14:19:24","date_gmt":"2022-05-13T14:19:24","guid":{"rendered":"http:\/\/enteculturalsantafesino.com.ar\/usina3\/?p=14088"},"modified":"2022-05-13T14:19:26","modified_gmt":"2022-05-13T14:19:26","slug":"los-molinos-inauguro-un-mural-en-homenaje-a-malvinas","status":"publish","type":"post","link":"http:\/\/enteculturalsantafesino.com.ar\/usina3\/2022\/05\/los-molinos-inauguro-un-mural-en-homenaje-a-malvinas\/","title":{"rendered":"Los Molinos inaugur\u00f3 un mural en homenaje a Malvinas"},"content":{"rendered":"\n<p>El \u00faltimo <strong>mi\u00e9rcoles 11 de mayo<\/strong> se llev\u00f3 a cabo la inauguraci\u00f3n del mural que reconoce y se suma a las distintas actividades  programas en la agenda de los <strong>40\u00b0 aniversario de la Gesta de Malvinas<\/strong>.<\/p>\n\n\n\n<p>En la plaza ubicada en la esquina de Constituci\u00f3n y Mart\u00edn Fierro; este mural es un trabajo plasmado en forma conjunta con el <strong>Jard\u00edn de Infantes N\u00b0 340, la artista Marianela Pizzichini, la Comuna local <\/strong>y el <strong>combatiente de Malvinas Ernesto Failo.<\/strong><\/p>\n\n\n\n<blockquote class=\"wp-block-quote is-layout-flow wp-block-quote-is-layout-flow\"><p><strong>\u201cEl agradecimiento es la memoria del coraz\u00f3n\u00bb<\/strong> es la leyenda que motiva esta obra de arte creada en la comunidad perteneciente al dpto. Caseros.<\/p><\/blockquote>\n\n\n\n<p>El <strong>Presidente Comunal Jorge Paladini <\/strong>agradeci\u00f3 a todos los responsables de este proyecto y resalt\u00f3 el trabajo que viene llevando la gesti\u00f3n comunal con el <strong>Prof. Ernesto Failo<\/strong> y el <strong>Ente Cultural Santafesino <\/strong>en cada comunidad que integra dicho espacio cultural; con el prop\u00f3sito de seguir fortaleciendo el mensaje de malvinizaci\u00f3n en territorio santafesino.<\/p>\n","protected":false},"excerpt":{"rendered":"<p>El \u00faltimo mi\u00e9rcoles 11 de mayo se llev\u00f3 a cabo la inauguraci\u00f3n del mural que reconoce y [&hellip;]<\/p>\n","protected":false},"author":3,"featured_media":14089,"comment_status":"open","ping_status":"open","sticky":false,"template":"","format":"standard","meta":{"_jetpack_memberships_contains_paid_content":false,"footnotes":"","jetpack_publicize_message":"","jetpack_publicize_feature_enabled":true,"jetpack_social_post_already_shared":true,"jetpack_social_options":{"image_generator_settings":{"template":"highway","enabled":false}}},"categories":[4,49],"tags":[],"jetpack_publicize_connections":[],"jetpack_featured_media_url":"http:\/\/enteculturalsantafesino.com.ar\/usina3\/wp-content\/uploads\/2022\/05\/280110827_5085083401577470_7411614083914393353_n.jpg","jetpack_sharing_enabled":true,"_links":{"self":[{"href":"http:\/\/enteculturalsantafesino.com.ar\/usina3\/wp-json\/wp\/v2\/posts\/14088"}],"collection":[{"href":"http:\/\/enteculturalsantafesino.com.ar\/usina3\/wp-json\/wp\/v2\/posts"}],"about":[{"href":"http:\/\/enteculturalsantafesino.com.ar\/usina3\/wp-json\/wp\/v2\/types\/post"}],"author":[{"embeddable":true,"href":"http:\/\/enteculturalsantafesino.com.ar\/usina3\/wp-json\/wp\/v2\/users\/3"}],"replies":[{"embeddable":true,"href":"http:\/\/enteculturalsantafesino.com.ar\/usina3\/wp-json\/wp\/v2\/comments?post=14088"}],"version-history":[{"count":1,"href":"http:\/\/enteculturalsantafesino.com.ar\/usina3\/wp-json\/wp\/v2\/posts\/14088\/revisions"}],"predecessor-version":[{"id":14090,"href":"http:\/\/enteculturalsantafesino.com.ar\/usina3\/wp-json\/wp\/v2\/posts\/14088\/revisions\/14090"}],"wp:featuredmedia":[{"embeddable":true,"href":"http:\/\/enteculturalsantafesino.com.ar\/usina3\/wp-json\/wp\/v2\/media\/14089"}],"wp:attachment":[{"href":"http:\/\/enteculturalsantafesino.com.ar\/usina3\/wp-json\/wp\/v2\/media?parent=14088"}],"wp:term":[{"taxonomy":"category","embeddable":true,"href":"http:\/\/enteculturalsantafesino.com.ar\/usina3\/wp-json\/wp\/v2\/categories?post=14088"},{"taxonomy":"post_tag","embeddable":true,"href":"http:\/\/enteculturalsantafesino.com.ar\/usina3\/wp-json\/wp\/v2\/tags?post=14088"}],"curies":[{"name":"wp","href":"https:\/\/api.w.org\/{rel}","templated":true}]}}