{"id":14095,"date":"2022-05-24T14:15:22","date_gmt":"2022-05-24T14:15:22","guid":{"rendered":"http:\/\/enteculturalsantafesino.com.ar\/usina3\/?p=14095"},"modified":"2022-05-24T14:15:24","modified_gmt":"2022-05-24T14:15:24","slug":"arroyo-seco-se-presento-la-muestra-vida-colores-y-pinceles","status":"publish","type":"post","link":"http:\/\/enteculturalsantafesino.com.ar\/usina3\/2022\/05\/arroyo-seco-se-presento-la-muestra-vida-colores-y-pinceles\/","title":{"rendered":"Arroyo Seco: Se present\u00f3 la muestra \u00abVida&#8230;Colores y Pinceles\u00bb"},"content":{"rendered":"\n<p>La <strong>Municipalidad de Arroyo Seco <\/strong>por medio de la <strong>Secretar\u00eda de Cultura, Deportes y Educaci\u00f3n<\/strong>, desarroll\u00f3 hoy por la noche la apertura formal a una nueva muestra art\u00edstica en el Centro Cultural \u00abGuillermo Furlong\u00bb. <\/p>\n\n\n\n<p><strong>\u00abVida&#8230;Colores y Pinceles\u00bb<\/strong>, de la artista local <strong>Elva Rosa Ramacciotti<\/strong>, se present\u00f3 ante un c\u00e1lido clima puesto por los invitados e invitadas dentro de nuestro edificio de Belgrano 540, sumado consigo el acompa\u00f1amiento musical de la int\u00e9rprete Ivana Grennon.<\/p>\n\n\n\n<p>Desde la gesti\u00f3n municipal felicita a Elva por sus hermosos trabajos y nos enorgullece acompa\u00f1ar tal cual lo hacen con todos los artistas locales.<\/p>\n","protected":false},"excerpt":{"rendered":"<p>La Municipalidad de Arroyo Seco por medio de la Secretar\u00eda de Cultura, Deportes y Educaci\u00f3n, desarroll\u00f3 hoy [&hellip;]<\/p>\n","protected":false},"author":3,"featured_media":14096,"comment_status":"open","ping_status":"open","sticky":false,"template":"","format":"standard","meta":{"_jetpack_memberships_contains_paid_content":false,"footnotes":"","jetpack_publicize_message":"","jetpack_publicize_feature_enabled":true,"jetpack_social_post_already_shared":true,"jetpack_social_options":{"image_generator_settings":{"template":"highway","enabled":false}}},"categories":[19],"tags":[],"jetpack_publicize_connections":[],"jetpack_featured_media_url":"http:\/\/enteculturalsantafesino.com.ar\/usina3\/wp-content\/uploads\/2022\/05\/282012952_374695508020530_5646791420237598298_n.jpg","jetpack_sharing_enabled":true,"_links":{"self":[{"href":"http:\/\/enteculturalsantafesino.com.ar\/usina3\/wp-json\/wp\/v2\/posts\/14095"}],"collection":[{"href":"http:\/\/enteculturalsantafesino.com.ar\/usina3\/wp-json\/wp\/v2\/posts"}],"about":[{"href":"http:\/\/enteculturalsantafesino.com.ar\/usina3\/wp-json\/wp\/v2\/types\/post"}],"author":[{"embeddable":true,"href":"http:\/\/enteculturalsantafesino.com.ar\/usina3\/wp-json\/wp\/v2\/users\/3"}],"replies":[{"embeddable":true,"href":"http:\/\/enteculturalsantafesino.com.ar\/usina3\/wp-json\/wp\/v2\/comments?post=14095"}],"version-history":[{"count":1,"href":"http:\/\/enteculturalsantafesino.com.ar\/usina3\/wp-json\/wp\/v2\/posts\/14095\/revisions"}],"predecessor-version":[{"id":14097,"href":"http:\/\/enteculturalsantafesino.com.ar\/usina3\/wp-json\/wp\/v2\/posts\/14095\/revisions\/14097"}],"wp:featuredmedia":[{"embeddable":true,"href":"http:\/\/enteculturalsantafesino.com.ar\/usina3\/wp-json\/wp\/v2\/media\/14096"}],"wp:attachment":[{"href":"http:\/\/enteculturalsantafesino.com.ar\/usina3\/wp-json\/wp\/v2\/media?parent=14095"}],"wp:term":[{"taxonomy":"category","embeddable":true,"href":"http:\/\/enteculturalsantafesino.com.ar\/usina3\/wp-json\/wp\/v2\/categories?post=14095"},{"taxonomy":"post_tag","embeddable":true,"href":"http:\/\/enteculturalsantafesino.com.ar\/usina3\/wp-json\/wp\/v2\/tags?post=14095"}],"curies":[{"name":"wp","href":"https:\/\/api.w.org\/{rel}","templated":true}]}}