{"id":14099,"date":"2022-05-27T14:25:38","date_gmt":"2022-05-27T14:25:38","guid":{"rendered":"http:\/\/enteculturalsantafesino.com.ar\/usina3\/?p=14099"},"modified":"2022-05-27T14:25:40","modified_gmt":"2022-05-27T14:25:40","slug":"godeken-disfruto-del-programa-malvinas-por-los-pueblos","status":"publish","type":"post","link":"http:\/\/enteculturalsantafesino.com.ar\/usina3\/2022\/05\/godeken-disfruto-del-programa-malvinas-por-los-pueblos\/","title":{"rendered":"G\u00f6deken disfrut\u00f3 del programa \u00abMalvinas por los Pueblos\u00bb"},"content":{"rendered":"\n<p>El<strong> jueves 26<\/strong> en la <strong>Sala Cultural Comunal <\/strong>se expuso la<strong> Muestra \u201cMalvinas por los Pueblos\u201d <\/strong>y la conferencia del <strong>Prof. Ernesto Failo \u2013 ex combatiente y sobreviviente del Crucero Gral. Belgrano.<\/strong><\/p>\n\n\n\n<p>Este\u00a0Programa<strong>\u00a0\u00abMalvinas por los Pueblos\u00bb\u00a0<\/strong>es producto de gestiones mancomunadas entre la\u00a0<strong>Comuna de Los Molinos, la Secretaria de Malvinas, Ant\u00e1rtida y Atl\u00e1ntico Sur\u00a0<\/strong>y el<strong>\u00a0Ente Cultural Santafesino<\/strong>\u00a0y marcar\u00e1 la ruta a recorrer entre las distintas secretarias de cultura de municipios y comunas a fin de que dicha Muestra itinerante llegue junto al Profesor Ernesto Failo, posibilitando una conferencia al final de la jornada con cada habitante del territorio santafesino\u00bb.<\/p>\n\n\n\n<p><em>\u00abQueremos agradecer especialmente al Secretario de Malvinas, Ant\u00e1rtida y Atl\u00e1ntico Sur, Dr Guillermo Carmona, quien dispuso de este material que permitir\u00e1 conocer mucho m\u00e1s sobre nuestras Islas Malvinas, su historia y su geograf\u00eda en un a\u00f1o muy importante para todos los argentinos en el que seguiremos reclamando nuestros derechos soberanos\u00bb<\/em>. manifest\u00f3&nbsp;<strong>Claudia Giaccone<\/strong><\/p>\n\n\n\n<p>Failo manifesto:&nbsp;<em>\u201cyo cuento mi experiencia y un poco la historia de Las Malvinas, por qu\u00e9 la reivindicaci\u00f3n permanente, el pedido de soberan\u00eda, y despu\u00e9s comento un poco qu\u00e9 pasaba en marzo del 82, c\u00f3mo se llega a la toma de las islas y de ah\u00ed en m\u00e1s qu\u00e9 hac\u00edamos nosotros en el Belgrano y desarrollo toda mi experiencia\u201d.<\/em><\/p>\n","protected":false},"excerpt":{"rendered":"<p>El jueves 26 en la Sala Cultural Comunal se expuso la Muestra \u201cMalvinas por los Pueblos\u201d y [&hellip;]<\/p>\n","protected":false},"author":3,"featured_media":14100,"comment_status":"open","ping_status":"open","sticky":false,"template":"","format":"standard","meta":{"_jetpack_memberships_contains_paid_content":false,"footnotes":"","jetpack_publicize_message":"","jetpack_publicize_feature_enabled":true,"jetpack_social_post_already_shared":true,"jetpack_social_options":{"image_generator_settings":{"template":"highway","enabled":false}}},"categories":[4,12],"tags":[],"jetpack_publicize_connections":[],"jetpack_featured_media_url":"http:\/\/enteculturalsantafesino.com.ar\/usina3\/wp-content\/uploads\/2022\/05\/283189529_408253591308427_4865498141404304231_n.jpg","jetpack_sharing_enabled":true,"_links":{"self":[{"href":"http:\/\/enteculturalsantafesino.com.ar\/usina3\/wp-json\/wp\/v2\/posts\/14099"}],"collection":[{"href":"http:\/\/enteculturalsantafesino.com.ar\/usina3\/wp-json\/wp\/v2\/posts"}],"about":[{"href":"http:\/\/enteculturalsantafesino.com.ar\/usina3\/wp-json\/wp\/v2\/types\/post"}],"author":[{"embeddable":true,"href":"http:\/\/enteculturalsantafesino.com.ar\/usina3\/wp-json\/wp\/v2\/users\/3"}],"replies":[{"embeddable":true,"href":"http:\/\/enteculturalsantafesino.com.ar\/usina3\/wp-json\/wp\/v2\/comments?post=14099"}],"version-history":[{"count":1,"href":"http:\/\/enteculturalsantafesino.com.ar\/usina3\/wp-json\/wp\/v2\/posts\/14099\/revisions"}],"predecessor-version":[{"id":14101,"href":"http:\/\/enteculturalsantafesino.com.ar\/usina3\/wp-json\/wp\/v2\/posts\/14099\/revisions\/14101"}],"wp:featuredmedia":[{"embeddable":true,"href":"http:\/\/enteculturalsantafesino.com.ar\/usina3\/wp-json\/wp\/v2\/media\/14100"}],"wp:attachment":[{"href":"http:\/\/enteculturalsantafesino.com.ar\/usina3\/wp-json\/wp\/v2\/media?parent=14099"}],"wp:term":[{"taxonomy":"category","embeddable":true,"href":"http:\/\/enteculturalsantafesino.com.ar\/usina3\/wp-json\/wp\/v2\/categories?post=14099"},{"taxonomy":"post_tag","embeddable":true,"href":"http:\/\/enteculturalsantafesino.com.ar\/usina3\/wp-json\/wp\/v2\/tags?post=14099"}],"curies":[{"name":"wp","href":"https:\/\/api.w.org\/{rel}","templated":true}]}}