{"id":14102,"date":"2022-05-30T15:33:48","date_gmt":"2022-05-30T15:33:48","guid":{"rendered":"http:\/\/enteculturalsantafesino.com.ar\/usina3\/?p=14102"},"modified":"2022-05-30T15:33:50","modified_gmt":"2022-05-30T15:33:50","slug":"llega-una-nueva-edicion-de-el-santafesino","status":"publish","type":"post","link":"http:\/\/enteculturalsantafesino.com.ar\/usina3\/2022\/05\/llega-una-nueva-edicion-de-el-santafesino\/","title":{"rendered":"Llega una nueva edici\u00f3n de \u00abEl Santafesino\u00bb"},"content":{"rendered":"\n<p>Por segundo a\u00f1o consecutivo toda una provincia podr\u00e1 participar del esta propuesta innovadora y educativa denominada:&nbsp;<a href=\"https:\/\/quizizz.com\/join\/quiz\/5f1f752469c9e6001e86acd9\/start?referrer=5f1f74cac907fb001b3d168e\"><em><strong>\u201cEl Santafesino\u201d<\/strong>.<\/em>&nbsp;<\/a><\/p>\n\n\n\n<p>La misma es un juego de preguntas y respuestas con formato virtual, destinado a todos los habitantes de esta provincia que deseen participar, con el objetivo de conocer la historia e im\u00e1genes de nuestra provincia a trav\u00e9s de una actividad recreativa.<\/p>\n\n\n\n<p>Difundir y dar a conocer datos, hechos y acciones hist\u00f3ricas en el aspecto pol\u00edtico, social y cultural; estimulando la b\u00fasqueda e investigaci\u00f3n de nuestro \u201cser\u201d santafesino.<\/p>\n\n\n\n<p>Dicho programa se puede visitar en la web del&nbsp;<strong><a href=\"https:\/\/quizizz.com\/join\/quiz\/5f1f752469c9e6001e86acd9\/start?referrer=5f1f74cac907fb001b3d168e\">Ente Cultural Santafesino<\/a><\/strong>; con la intenci\u00f3n de estudiar y compenetrarse con los distintos contenidos y datos que se proponen desde la plataforma impulsada por dicho espacio cultural.<\/p>\n\n\n\n<p><strong>El Presidente del Ente Cultural Santafesino Claudio Pellegrini&nbsp;<\/strong>manifest\u00f3 su satisfacci\u00f3n por poner en marcha nuevamente iniciativa quepermite descubrir m\u00e1s sobre nuestra provincia.<\/p>\n\n\n\n<p><em>\u201cDesde cada comunidad se iniciaran las instancias locales a partir del mes de junio, para llegar a las sedes regionales (Usinas Culturales) en agosto y llegar al mes de octubre a vivir la gran final y saber que ser\u00e1  \u00abEl Santafesino\u00bb <\/em><\/p>\n\n\n\n<p><em>\u00abA partir de los 10 a\u00f1os de edad se puede participar. El juego cuenta con m\u00e1s de 100&nbsp; preguntas e im\u00e1genes sobre nuestra provincia y los concursantes deber\u00e1n responder sobre ellas. Gana y avanza quienes respondan mayor cantidad de preguntas correctas. El total de preguntas a responder por cada participante ser\u00e1 definido por el referente cultural de la localidad, quien se encuentra a cargo de la organizaci\u00f3n del juego\u00bb<\/em>; se\u00f1al\u00f3 Pellegrini<\/p>\n\n\n\n<p><strong>Para mayor informaci\u00f3n dirigirse a cada Secretaria, Direcci\u00f3n o entidad adherida al Ente Cultural Santafesino.<\/strong><\/p>\n","protected":false},"excerpt":{"rendered":"<p>Por segundo a\u00f1o consecutivo toda una provincia podr\u00e1 participar del esta propuesta innovadora y educativa denominada:&nbsp;\u201cEl Santafesino\u201d.&nbsp; [&hellip;]<\/p>\n","protected":false},"author":3,"featured_media":14103,"comment_status":"open","ping_status":"open","sticky":false,"template":"","format":"standard","meta":{"_jetpack_memberships_contains_paid_content":false,"footnotes":"","jetpack_publicize_message":"","jetpack_publicize_feature_enabled":true,"jetpack_social_post_already_shared":true,"jetpack_social_options":{"image_generator_settings":{"template":"highway","enabled":false}}},"categories":[4],"tags":[],"jetpack_publicize_connections":[],"jetpack_featured_media_url":"http:\/\/enteculturalsantafesino.com.ar\/usina3\/wp-content\/uploads\/2022\/05\/013ac5c7-fd7a-4063-93f2-d544bc668d73.jpg","jetpack_sharing_enabled":true,"_links":{"self":[{"href":"http:\/\/enteculturalsantafesino.com.ar\/usina3\/wp-json\/wp\/v2\/posts\/14102"}],"collection":[{"href":"http:\/\/enteculturalsantafesino.com.ar\/usina3\/wp-json\/wp\/v2\/posts"}],"about":[{"href":"http:\/\/enteculturalsantafesino.com.ar\/usina3\/wp-json\/wp\/v2\/types\/post"}],"author":[{"embeddable":true,"href":"http:\/\/enteculturalsantafesino.com.ar\/usina3\/wp-json\/wp\/v2\/users\/3"}],"replies":[{"embeddable":true,"href":"http:\/\/enteculturalsantafesino.com.ar\/usina3\/wp-json\/wp\/v2\/comments?post=14102"}],"version-history":[{"count":2,"href":"http:\/\/enteculturalsantafesino.com.ar\/usina3\/wp-json\/wp\/v2\/posts\/14102\/revisions"}],"predecessor-version":[{"id":14105,"href":"http:\/\/enteculturalsantafesino.com.ar\/usina3\/wp-json\/wp\/v2\/posts\/14102\/revisions\/14105"}],"wp:featuredmedia":[{"embeddable":true,"href":"http:\/\/enteculturalsantafesino.com.ar\/usina3\/wp-json\/wp\/v2\/media\/14103"}],"wp:attachment":[{"href":"http:\/\/enteculturalsantafesino.com.ar\/usina3\/wp-json\/wp\/v2\/media?parent=14102"}],"wp:term":[{"taxonomy":"category","embeddable":true,"href":"http:\/\/enteculturalsantafesino.com.ar\/usina3\/wp-json\/wp\/v2\/categories?post=14102"},{"taxonomy":"post_tag","embeddable":true,"href":"http:\/\/enteculturalsantafesino.com.ar\/usina3\/wp-json\/wp\/v2\/tags?post=14102"}],"curies":[{"name":"wp","href":"https:\/\/api.w.org\/{rel}","templated":true}]}}