{"id":14106,"date":"2022-06-01T02:59:42","date_gmt":"2022-06-01T02:59:42","guid":{"rendered":"http:\/\/enteculturalsantafesino.com.ar\/usina3\/?p=14106"},"modified":"2022-06-01T02:59:44","modified_gmt":"2022-06-01T02:59:44","slug":"llega-el-coro-polifonico-nacional-de-ciegos-a-rosario-y-gral-roca","status":"publish","type":"post","link":"http:\/\/enteculturalsantafesino.com.ar\/usina3\/2022\/06\/llega-el-coro-polifonico-nacional-de-ciegos-a-rosario-y-gral-roca\/","title":{"rendered":"Llega el \u00abCoro Polif\u00f3nico Nacional de Ciegos\u00bb a Rosario y Gral. Roca"},"content":{"rendered":"\n<p>Dicho acontecimiento es organizado por el <strong>Ministerio de Cultura de la Naci\u00f3n<\/strong>, el<strong> Ente Cultural Santafesino<\/strong> y el <strong>Ente Cultural del Sudeste Cordob\u00e9s.<\/strong><\/p>\n\n\n\n<p>El prestigioso elenco nacional se presentar\u00e1 en un concierto exclusivo el pr\u00f3ximo <strong>viernes 10 y s\u00e1bado 11 de junio<\/strong> en las ciudades de <strong>Rosario y General Roca (Cba.)<\/strong> <\/p>\n\n\n\n<p><strong><em>Rosario<\/em><\/strong><\/p>\n\n\n\n<p>En la ciudad santafesina<strong> <\/strong>se presentar\u00e1n el<strong> viernes 10 de junio <\/strong>a las <strong>20hs<\/strong> en la <strong>Bas\u00edlica Catedral Nuestra Sra. del Rosario<\/strong>; promovido por el<strong> Concejal Ariel Cozzoni, el Diputado Provincial Oscar Mart\u00ednez y la Lic. Claudia Giaccone,<\/strong><\/p>\n\n\n\n<p><strong><em>General Roca<\/em><\/strong><\/p>\n\n\n\n<p>En la comunidad cordobesa se presentar\u00e1 el <strong>s\u00e1bado 11 de junio<\/strong> en el S<strong>UM del Centro de Jubilados<\/strong> (Corrientes 765) a partir de las <strong>19hs<\/strong>; promovido por el municipio local.<\/p>\n\n\n\n<p>El <strong>Presidente del Ente Cultural Claudio Pellegrini<\/strong> manifest\u00f3: <em>\u00abUna vez m\u00e1s tenemos la satisfacci\u00f3n de generar que un elenco nacional, perteneciente a nuestro Ministerio de Cultura de la Naci\u00f3n llegue a Santa Fe mediante el trabajo y responsabilidad de nuestro Ente Cultural Santafesino\u00bb.<\/em><\/p>\n\n\n\n<p><em>\u00abDurante este a\u00f1o compartimos la gesti\u00f3n y actividad con el Ente Cultural Cordob\u00e9s mediante la Municipalidad de General Roca, fortaleciendo el trabajo conjunto e interprovincial que venimos llevando adelante\u00bb <\/em>finaliz\u00f3 Pellegrini.<\/p>\n\n\n\n<p><em>Este elenco nacional fue creado en 1947. El Coro Polif\u00f3nico de Ciegos desarrolla desde su creaci\u00f3n una prol\u00edfica actividad que incluye presentaciones en las m\u00e1s importantes salas de la ciudad de Buenos Aires y del pa\u00eds. Desde 1971 solemniza las celebraciones lit\u00fargicas oficiales de la Catedral de Buenos Aires, a las que asiste el Presidente de la Naci\u00f3n. Participaron con su canto en las misas celebradas en nuestro pa\u00eds por el Papa San Juan Pablo II en 1982 y 1987.<\/em><\/p>\n","protected":false},"excerpt":{"rendered":"<p>Dicho acontecimiento es organizado por el Ministerio de Cultura de la Naci\u00f3n, el Ente Cultural Santafesino y [&hellip;]<\/p>\n","protected":false},"author":3,"featured_media":14107,"comment_status":"open","ping_status":"open","sticky":false,"template":"","format":"standard","meta":{"_jetpack_memberships_contains_paid_content":false,"footnotes":"","jetpack_publicize_message":"","jetpack_publicize_feature_enabled":true,"jetpack_social_post_already_shared":true,"jetpack_social_options":{"image_generator_settings":{"template":"highway","enabled":false}}},"categories":[4],"tags":[],"jetpack_publicize_connections":[],"jetpack_featured_media_url":"http:\/\/enteculturalsantafesino.com.ar\/usina3\/wp-content\/uploads\/2022\/06\/b566a53c-6048-406b-b607-bfb512863e09.jpg","jetpack_sharing_enabled":true,"_links":{"self":[{"href":"http:\/\/enteculturalsantafesino.com.ar\/usina3\/wp-json\/wp\/v2\/posts\/14106"}],"collection":[{"href":"http:\/\/enteculturalsantafesino.com.ar\/usina3\/wp-json\/wp\/v2\/posts"}],"about":[{"href":"http:\/\/enteculturalsantafesino.com.ar\/usina3\/wp-json\/wp\/v2\/types\/post"}],"author":[{"embeddable":true,"href":"http:\/\/enteculturalsantafesino.com.ar\/usina3\/wp-json\/wp\/v2\/users\/3"}],"replies":[{"embeddable":true,"href":"http:\/\/enteculturalsantafesino.com.ar\/usina3\/wp-json\/wp\/v2\/comments?post=14106"}],"version-history":[{"count":1,"href":"http:\/\/enteculturalsantafesino.com.ar\/usina3\/wp-json\/wp\/v2\/posts\/14106\/revisions"}],"predecessor-version":[{"id":14108,"href":"http:\/\/enteculturalsantafesino.com.ar\/usina3\/wp-json\/wp\/v2\/posts\/14106\/revisions\/14108"}],"wp:featuredmedia":[{"embeddable":true,"href":"http:\/\/enteculturalsantafesino.com.ar\/usina3\/wp-json\/wp\/v2\/media\/14107"}],"wp:attachment":[{"href":"http:\/\/enteculturalsantafesino.com.ar\/usina3\/wp-json\/wp\/v2\/media?parent=14106"}],"wp:term":[{"taxonomy":"category","embeddable":true,"href":"http:\/\/enteculturalsantafesino.com.ar\/usina3\/wp-json\/wp\/v2\/categories?post=14106"},{"taxonomy":"post_tag","embeddable":true,"href":"http:\/\/enteculturalsantafesino.com.ar\/usina3\/wp-json\/wp\/v2\/tags?post=14106"}],"curies":[{"name":"wp","href":"https:\/\/api.w.org\/{rel}","templated":true}]}}