{"id":14251,"date":"2022-07-25T14:24:14","date_gmt":"2022-07-25T14:24:14","guid":{"rendered":"http:\/\/enteculturalsantafesino.com.ar\/usina3\/?p=14251"},"modified":"2022-07-25T14:24:21","modified_gmt":"2022-07-25T14:24:21","slug":"santa-isabel-cerro-las-vacaciones-de-invierno-con-actividades-para-todos","status":"publish","type":"post","link":"http:\/\/enteculturalsantafesino.com.ar\/usina3\/2022\/07\/santa-isabel-cerro-las-vacaciones-de-invierno-con-actividades-para-todos\/","title":{"rendered":"Santa Isabel cerr\u00f3 las \u00abVacaciones de Invierno\u00bb con actividades para todos"},"content":{"rendered":"\n<p>Llegamos al final del recorrido por la amplia y variada grilla de actividades que fueron propuestas y acompa\u00f1adas desde las <strong>\u00c1reas de Desarrollo Cultural, Promoci\u00f3n Social y Desarrollo Educativo<\/strong> del <strong>Gobierno de Santa Isabel.<\/strong><\/p>\n\n\n\n<p>El \u00faltimo domingo se cont\u00f3 con la participaci\u00f3n del <strong>Centro de Estudiantes de la Escuela 214,<\/strong> que coordinaron juegos para ni\u00f1as y ni\u00f1os, y la <strong>\u00abPromo 2022\u00bb<\/strong> con venta de tortas. Tambi\u00e9n estuvieron presentes artesanos y artesanas de la localidad, <strong>\u00abEl Galp\u00f3n de Carca\u00bb <\/strong>con juguetes de madera artesanales y el emprendimiento comunal <strong>\u00abManos en la Masa\u00bb<\/strong>, como los infaltables castillos inflables para los m\u00e1s peque\u00f1os.<\/p>\n\n\n\n<p>Al cierre de la jornada disfrutamos del espect\u00e1culo de m\u00fasica, animaci\u00f3n y globolog\u00eda de \u00abPico Picotero\u00bb.<strong> <\/strong><\/p>\n\n\n\n<p><em>\u00ab<strong>Estamos muy felices por la gran convocatoria y el acompa\u00f1amiento de ni\u00f1os, ni\u00f1as, adolescentes y familias que se acercaron y disfrutaron de cada actividad que se desarroll\u00f3 durante estas dos semanas inolvidables\u00bb.<\/strong><\/em><\/p>\n","protected":false},"excerpt":{"rendered":"<p>Llegamos al final del recorrido por la amplia y variada grilla de actividades que fueron propuestas y [&hellip;]<\/p>\n","protected":false},"author":3,"featured_media":14252,"comment_status":"open","ping_status":"open","sticky":false,"template":"","format":"standard","meta":{"_jetpack_memberships_contains_paid_content":false,"footnotes":"","jetpack_publicize_message":"","jetpack_publicize_feature_enabled":true,"jetpack_social_post_already_shared":true,"jetpack_social_options":{"image_generator_settings":{"template":"highway","enabled":false}}},"categories":[3],"tags":[],"jetpack_publicize_connections":[],"jetpack_featured_media_url":"http:\/\/enteculturalsantafesino.com.ar\/usina3\/wp-content\/uploads\/2022\/07\/295085771_430380392466748_7664940147592173274_n.jpg","jetpack_sharing_enabled":true,"_links":{"self":[{"href":"http:\/\/enteculturalsantafesino.com.ar\/usina3\/wp-json\/wp\/v2\/posts\/14251"}],"collection":[{"href":"http:\/\/enteculturalsantafesino.com.ar\/usina3\/wp-json\/wp\/v2\/posts"}],"about":[{"href":"http:\/\/enteculturalsantafesino.com.ar\/usina3\/wp-json\/wp\/v2\/types\/post"}],"author":[{"embeddable":true,"href":"http:\/\/enteculturalsantafesino.com.ar\/usina3\/wp-json\/wp\/v2\/users\/3"}],"replies":[{"embeddable":true,"href":"http:\/\/enteculturalsantafesino.com.ar\/usina3\/wp-json\/wp\/v2\/comments?post=14251"}],"version-history":[{"count":1,"href":"http:\/\/enteculturalsantafesino.com.ar\/usina3\/wp-json\/wp\/v2\/posts\/14251\/revisions"}],"predecessor-version":[{"id":14253,"href":"http:\/\/enteculturalsantafesino.com.ar\/usina3\/wp-json\/wp\/v2\/posts\/14251\/revisions\/14253"}],"wp:featuredmedia":[{"embeddable":true,"href":"http:\/\/enteculturalsantafesino.com.ar\/usina3\/wp-json\/wp\/v2\/media\/14252"}],"wp:attachment":[{"href":"http:\/\/enteculturalsantafesino.com.ar\/usina3\/wp-json\/wp\/v2\/media?parent=14251"}],"wp:term":[{"taxonomy":"category","embeddable":true,"href":"http:\/\/enteculturalsantafesino.com.ar\/usina3\/wp-json\/wp\/v2\/categories?post=14251"},{"taxonomy":"post_tag","embeddable":true,"href":"http:\/\/enteculturalsantafesino.com.ar\/usina3\/wp-json\/wp\/v2\/tags?post=14251"}],"curies":[{"name":"wp","href":"https:\/\/api.w.org\/{rel}","templated":true}]}}