{"id":14256,"date":"2022-07-26T13:49:45","date_gmt":"2022-07-26T13:49:45","guid":{"rendered":"http:\/\/enteculturalsantafesino.com.ar\/usina3\/?p=14256"},"modified":"2022-07-26T13:49:47","modified_gmt":"2022-07-26T13:49:47","slug":"la-muestra-campeones-llega-a-villada","status":"publish","type":"post","link":"http:\/\/enteculturalsantafesino.com.ar\/usina3\/2022\/07\/la-muestra-campeones-llega-a-villada\/","title":{"rendered":"La Muestra \u00abCampeones\u00bb llega a Villada"},"content":{"rendered":"\n<p>El pr\u00f3ximo <strong>mi\u00e9rcoles 27<\/strong> a las <strong>18hs<\/strong> en el <strong>SUM Comunal<\/strong> de <strong>Villada<\/strong>, Dpto. Caseros, se inaugurar\u00e1 la muestra<strong> \u00abCampeones\u00bb<\/strong>.<\/p>\n\n\n\n<p>Dicha propuesta impulsada por el <strong>Ente Cultural Santafesino<\/strong> y la <strong>Biblioteca Popular H\u00e9ctor Reinaudi<\/strong> a trav\u00e9s del<strong> Taller \u00abDesplegando Colores\u00bb <\/strong>es un reconocimiento a las figuras de nuestros <strong>\u201cCampeones\u201d<\/strong> de 1978 y 1986; quienes nacieron en comunidades del interior de nuestro territorio santafesino.<br>La muestra cuenta con dieciocho obras de artes elaboradas por artistas pl\u00e1sticas lehmenses. Dicha propuesta llega a la comunidad donde residi\u00f3 desde los 3 a\u00f1os <strong>N\u00e9stor Clausen<\/strong> (nacido en Arruf\u00f3)<\/p>\n\n\n\n<p>Dicha jornada contar\u00e1 con la incorporaci\u00f3n de las obras del destacado artista <strong>Alfy Blan.<\/strong> <strong>Alfredo Blanco<\/strong>, <em>m\u00e9dico pediatra, creador de caricaturas, ilustraciones y publicidades. Autor del \u00abDiego Alado\u00bb. Habitante del barrio de Villa Celina.<\/em><\/p>\n\n\n\n<p><strong>Claudia Giaccone <\/strong>resalt\u00f3 la importancia de llegar a las comunidades de nuestros campeones mundiales santafesinos. \u00abIniciamos el recorrido en Villada en donde N\u00e9stor Clausen pas\u00f3 su infancia, para llegar a mediados de agosto a la localidad de Arruf\u00f3 (lugar en donde naci\u00f3).<br><em>\u00abAdem\u00e1s estaremos sumando la muestra de Alfy Ilustraciones, quien en forma desinteresada y con mucho profesionalismo suma sus obras a este recorrido provincial por las localidades en donde nacieron nuestros mundialistas\u00bb<\/em><br>La provincia de la bota dio diez futbolistas y un t\u00e9cnico campeones del mundo. Ellos son:<br>Leopoldo Luque, C\u00e9sar Menotti, Daniel Killer, Sergio Almir\u00f3n, Nestor Clausen, Jorge Valdano, Ricardo Giusti, Pedro Pasculli, Nery Pumpido, Marcelo Trobbiani y H\u00e9ctor Zelada. Curiosamente, tan s\u00f3lo dos del Mundial 1978. Carlos Bilardo convoc\u00f3 ocho santafesinos a M\u00e9xico 1986.<\/p>\n\n\n\n<p><strong>\u00abSantafesinos Campeones del Mundo\u00bb.<\/strong><br>Llama la atenci\u00f3n la aparici\u00f3n de futbolistas nacidos en pueblos peque\u00f1os. Tan s\u00f3lo Daniel Killer, C\u00e9sar Menotti y Sergio Almir\u00f3n son nacidos en Rosario. Leopoldo Luque y Pedro Pasculli en la capital provincial.<br>Por su parte, N\u00e9stor Clausen naci\u00f3 en Arruf\u00f3 y vivi\u00f3 desde los tres a\u00f1os en Villada, Ricardo Giusti en Albarellos, Nery Pumpido en Monje, H\u00e9ctor Zelada en Maciel, Jorge Valdano naci\u00f3 en Las Parejas, Marcelo Trobiani en Casilda.<\/p>\n\n\n\n<p>Adem\u00e1s la muestra <strong>\u00abCampeones\u00bb,<\/strong> cuenta con la incorporaci\u00f3n de las obras dedicadas a los jugadores santafesinos que participar\u00e1n en el pr\u00f3ximo Mundial a disputarse en \u00abQatar 2022\u00bb<\/p>\n","protected":false},"excerpt":{"rendered":"<p>El pr\u00f3ximo mi\u00e9rcoles 27 a las 18hs en el SUM Comunal de Villada, Dpto. Caseros, se inaugurar\u00e1 [&hellip;]<\/p>\n","protected":false},"author":3,"featured_media":14257,"comment_status":"open","ping_status":"open","sticky":false,"template":"","format":"standard","meta":{"_jetpack_memberships_contains_paid_content":false,"footnotes":"","jetpack_publicize_message":"","jetpack_publicize_feature_enabled":true,"jetpack_social_post_already_shared":true,"jetpack_social_options":{"image_generator_settings":{"template":"highway","enabled":false}}},"categories":[4,34],"tags":[],"jetpack_publicize_connections":[],"jetpack_featured_media_url":"http:\/\/enteculturalsantafesino.com.ar\/usina3\/wp-content\/uploads\/2022\/07\/294567696_413688434126237_3262835954825637254_n.jpg","jetpack_sharing_enabled":true,"_links":{"self":[{"href":"http:\/\/enteculturalsantafesino.com.ar\/usina3\/wp-json\/wp\/v2\/posts\/14256"}],"collection":[{"href":"http:\/\/enteculturalsantafesino.com.ar\/usina3\/wp-json\/wp\/v2\/posts"}],"about":[{"href":"http:\/\/enteculturalsantafesino.com.ar\/usina3\/wp-json\/wp\/v2\/types\/post"}],"author":[{"embeddable":true,"href":"http:\/\/enteculturalsantafesino.com.ar\/usina3\/wp-json\/wp\/v2\/users\/3"}],"replies":[{"embeddable":true,"href":"http:\/\/enteculturalsantafesino.com.ar\/usina3\/wp-json\/wp\/v2\/comments?post=14256"}],"version-history":[{"count":1,"href":"http:\/\/enteculturalsantafesino.com.ar\/usina3\/wp-json\/wp\/v2\/posts\/14256\/revisions"}],"predecessor-version":[{"id":14258,"href":"http:\/\/enteculturalsantafesino.com.ar\/usina3\/wp-json\/wp\/v2\/posts\/14256\/revisions\/14258"}],"wp:featuredmedia":[{"embeddable":true,"href":"http:\/\/enteculturalsantafesino.com.ar\/usina3\/wp-json\/wp\/v2\/media\/14257"}],"wp:attachment":[{"href":"http:\/\/enteculturalsantafesino.com.ar\/usina3\/wp-json\/wp\/v2\/media?parent=14256"}],"wp:term":[{"taxonomy":"category","embeddable":true,"href":"http:\/\/enteculturalsantafesino.com.ar\/usina3\/wp-json\/wp\/v2\/categories?post=14256"},{"taxonomy":"post_tag","embeddable":true,"href":"http:\/\/enteculturalsantafesino.com.ar\/usina3\/wp-json\/wp\/v2\/tags?post=14256"}],"curies":[{"name":"wp","href":"https:\/\/api.w.org\/{rel}","templated":true}]}}