{"id":14293,"date":"2022-08-16T02:19:09","date_gmt":"2022-08-16T02:19:09","guid":{"rendered":"http:\/\/enteculturalsantafesino.com.ar\/usina3\/?p=14293"},"modified":"2022-08-16T02:20:29","modified_gmt":"2022-08-16T02:20:29","slug":"santa-isabel-vivio-una-maravillosa-jornada-con-el-torneo-de-bolitas","status":"publish","type":"post","link":"http:\/\/enteculturalsantafesino.com.ar\/usina3\/2022\/08\/santa-isabel-vivio-una-maravillosa-jornada-con-el-torneo-de-bolitas\/","title":{"rendered":"Santa Isabel vivi\u00f3 una maravillosa jornada con el \u00abTorneo de Bolitas\u00bb"},"content":{"rendered":"\n<p>El<strong>\u00a0domingo 14<\/strong>\u00a0en el <strong>Centro de D\u00eda Comunal,<\/strong>\u00a0con m\u00e1s de 50 inscriptos,\u00a0se realiz\u00f3 en la localidad perteneciente al\u00a0<strong>dpto. General L\u00f3pez <\/strong>\u00a0el\u00a0<strong>\u00abTorneo Provincial de Bolitas \u2013 Copa H\u00e9roes de Malvinas\u00bb<\/strong>\u00a0organizado por el\u00a0<strong>Ente Cultural Santafesino<\/strong>\u00a0y coordinado por la\u00a0<strong>Comuna de Santa Isabel.<\/strong><\/p>\n\n\n\n<p>El mismo presenta 4 categor\u00edas:&nbsp;<em>Categor\u00eda \u201cA\u201d de 8 a 12 a\u00f1os; Categor\u00eda \u201cB\u201d de 13 a 15 a\u00f1os; Categor\u00eda \u201cC\u201d de 16 a 30 a\u00f1os; y Categor\u00eda \u201cD\u201d de 31 en adelante.<\/em><\/p>\n\n\n\n<p><strong>Categor\u00eda A :<\/strong> <strong>Benjam\u00edn Landriel<\/strong><br><strong>Categor\u00eda B : Alejandro Troncoso.<br>Categor\u00eda C : Federico Herrera<br>Categor\u00eda D: Alan Galligani.<\/strong><\/p>\n\n\n\n<p>El certamen cuenta con competencias locales, luego regionales y la gran final que ser\u00e1 en la ciudad de San Jorge, posibilitando que los participantes recorran la primera f\u00e1brica Argentina de bolitas de cristal.<\/p>\n\n\n\n<p>Contin\u00faan los encuentros locales en busca de representantes a las etapas regionales. El cierre ser\u00e1 el<strong>&nbsp;4 de septiembre<\/strong>, en la ciudad de San Jorge.&nbsp;<\/p>\n","protected":false},"excerpt":{"rendered":"<p>El\u00a0domingo 14\u00a0en el Centro de D\u00eda Comunal,\u00a0con m\u00e1s de 50 inscriptos,\u00a0se realiz\u00f3 en la localidad perteneciente al\u00a0dpto. [&hellip;]<\/p>\n","protected":false},"author":3,"featured_media":14294,"comment_status":"open","ping_status":"open","sticky":false,"template":"","format":"standard","meta":{"_jetpack_memberships_contains_paid_content":false,"footnotes":"","jetpack_publicize_message":"","jetpack_publicize_feature_enabled":true,"jetpack_social_post_already_shared":true,"jetpack_social_options":{"image_generator_settings":{"template":"highway","enabled":false}}},"categories":[4,3],"tags":[],"jetpack_publicize_connections":[],"jetpack_featured_media_url":"http:\/\/enteculturalsantafesino.com.ar\/usina3\/wp-content\/uploads\/2022\/08\/1183d258-12a6-49c0-826b-981acd7486dc.jpg","jetpack_sharing_enabled":true,"_links":{"self":[{"href":"http:\/\/enteculturalsantafesino.com.ar\/usina3\/wp-json\/wp\/v2\/posts\/14293"}],"collection":[{"href":"http:\/\/enteculturalsantafesino.com.ar\/usina3\/wp-json\/wp\/v2\/posts"}],"about":[{"href":"http:\/\/enteculturalsantafesino.com.ar\/usina3\/wp-json\/wp\/v2\/types\/post"}],"author":[{"embeddable":true,"href":"http:\/\/enteculturalsantafesino.com.ar\/usina3\/wp-json\/wp\/v2\/users\/3"}],"replies":[{"embeddable":true,"href":"http:\/\/enteculturalsantafesino.com.ar\/usina3\/wp-json\/wp\/v2\/comments?post=14293"}],"version-history":[{"count":2,"href":"http:\/\/enteculturalsantafesino.com.ar\/usina3\/wp-json\/wp\/v2\/posts\/14293\/revisions"}],"predecessor-version":[{"id":14296,"href":"http:\/\/enteculturalsantafesino.com.ar\/usina3\/wp-json\/wp\/v2\/posts\/14293\/revisions\/14296"}],"wp:featuredmedia":[{"embeddable":true,"href":"http:\/\/enteculturalsantafesino.com.ar\/usina3\/wp-json\/wp\/v2\/media\/14294"}],"wp:attachment":[{"href":"http:\/\/enteculturalsantafesino.com.ar\/usina3\/wp-json\/wp\/v2\/media?parent=14293"}],"wp:term":[{"taxonomy":"category","embeddable":true,"href":"http:\/\/enteculturalsantafesino.com.ar\/usina3\/wp-json\/wp\/v2\/categories?post=14293"},{"taxonomy":"post_tag","embeddable":true,"href":"http:\/\/enteculturalsantafesino.com.ar\/usina3\/wp-json\/wp\/v2\/tags?post=14293"}],"curies":[{"name":"wp","href":"https:\/\/api.w.org\/{rel}","templated":true}]}}