{"id":14693,"date":"2023-04-21T04:17:36","date_gmt":"2023-04-21T04:17:36","guid":{"rendered":"http:\/\/enteculturalsantafesino.com.ar\/usina3\/?p=14693"},"modified":"2023-04-21T12:49:23","modified_gmt":"2023-04-21T12:49:23","slug":"con-la-presencia-de-santiago-gentiletti-se-inauguro-campeones-y-arte-en-pelotas-en-godeken","status":"publish","type":"post","link":"http:\/\/enteculturalsantafesino.com.ar\/usina3\/2023\/04\/con-la-presencia-de-santiago-gentiletti-se-inauguro-campeones-y-arte-en-pelotas-en-godeken\/","title":{"rendered":"Con la presencia de Santiago Gentiletti, se inaugur\u00f3 \u00abCampeones\u00bb y \u00abArte en Pelotas\u00bb en G\u00f6deken"},"content":{"rendered":"\n<p>El<strong>\u00a0jueves 20<\/strong>\u00a0se inauguraron en el<strong>\u00a0Sal\u00f3n Cultural Comunal <\/strong>las muestras <strong>\u00abArte en Pelotas\u00bb y Campeones\u00bb<\/strong><\/p>\n\n\n\n<p>Con la presencia de la&nbsp;<strong>responsable del Ente Cultural Santafesino Lic. Claudia Giaccone, el Presidente Comunal Juan Sebasti\u00e1n Rucci, la responsable de la Secretaria de Cultura Lilian Selak, autoridades comunales, educativas y la presencia destacada de <a href=\"https:\/\/es.wikipedia.org\/wiki\/Santiago_Gentiletti\">Santiago Gentiletti<\/a>, <\/strong>hijo de la comunidad con una destacada y amplia trayectoria nacional e internacional en el f\u00fatbol profesional.<\/p>\n\n\n\n<p>Dicho programa fue generado desde los\u00a0<strong>Ente Culturales Santafesino\u00a0<\/strong>y\u00a0<strong>Cordob\u00e9s<\/strong>\u00a0durante el 2022, exponiendo un centenar de obras de arte sobre balones de futbol, originados desde comunidades santafesinas y del sudeste cordob\u00e9s.<\/p>\n\n\n\n<p><strong>Claudia<\/strong>&nbsp;<strong>Giaccone<\/strong>&nbsp;manifest\u00f3 que<em>&nbsp;\u00abesta propuesta sigue su gira por el todo el Departamento Caseros, y as\u00ed a todo el resto de la provincia, con la posibilidad de disfrutar del talento de nuestros artistas pl\u00e1sticos, como as\u00ed tambi\u00e9n del reconocimiento a los Campeones de 1978, 1986 y 2022\u00bb<\/em><\/p>\n\n\n\n<p><strong><a href=\"https:\/\/es.wikipedia.org\/wiki\/Santiago_Gentiletti\">Santiago Gentiletti<\/a><\/strong>, interactu\u00f3 con los m\u00e1s peque\u00f1os y j\u00f3venes, compartiendo su experiencia, historias y an\u00e9cdotas en el campo de juego y en la vida.<\/p>\n\n\n\n<p>\u00ab<em>Lo m\u00e1s importante es que cada uno de ustedes vuelvan a intentar y probar cada objetivo que se propongan\u00bb<\/em> se\u00f1al\u00f3 Gentiletti<\/p>\n\n\n\n<p><strong><em>Reconocimiento a Benicio Perino<\/em><\/strong><\/p>\n\n\n\n<p>El acto cont\u00f3 con un momento muy especial; la entrega de un reconocimiento al joven artista local <strong><a href=\"http:\/\/enteculturalsantafesino.com.ar\/usina3\/2023\/04\/en-villada-se-inauguro-la-muestra-de-benicio-perino\/\">Benicio Perino<\/a><\/strong>, por promover sus obras en toda la regi\u00f3n del sur santafesino.<\/p>\n\n\n\n<p>La muestra fue presentada en la&nbsp;<strong>Asociaci\u00f3n del F\u00fatbol Argentino (AFA)<\/strong>&nbsp;y en la<strong>&nbsp;XIX Fiesta Nacional de Pelota&nbsp;<\/strong>(Bell Ville), iniciando su recorrido por las comunidades adheridas a los Entes Culturales.<\/p>\n\n\n\n<p><em>El programa&nbsp;<strong>\u00abArte en Pelotas\u00bb<\/strong>&nbsp;consiste en la intervenci\u00f3n art\u00edstica sobre pelotas de f\u00fatbol, las cuales son pintadas en forma colectiva o individual. En dicha producci\u00f3n se refleja la idiosincrasia, el paisaje, la historia y el esp\u00edritu deportivo de cada comunidad participante.<\/em><\/p>\n\n\n\n<p><strong>Muestra itinerante \u201cCampeones\u201d<\/strong>&nbsp;<\/p>\n\n\n\n<p>Dicha propuesta impulsada por el&nbsp;<strong>Ente Cultural Santafesino<\/strong>&nbsp;y&nbsp;<strong>Cordob\u00e9s<\/strong>,&nbsp; gestaron a trav\u00e9s de las obras del artista&nbsp;<strong>Alfredo Blanco (Alfy)<\/strong>, esta propuesta que reconoce a los<strong>&nbsp;Campeones Mundiales 1978, 1986 y 2022<\/strong>, nacidos en las provincias de Santa Fe y C\u00f3rdoba.-<\/p>\n\n\n\n<p><strong>Alfredo Blanco<\/strong>,&nbsp;<em>m\u00e9dico pediatra, creador de caricaturas, ilustraciones y publicidades. Autor del \u00abDiego Alado\u00bb. Habitante del barrio de Villa Celina.<\/em><\/p>\n\n\n\n<p>La muestra sigue girando entre las localidades del Sudeste Cordob\u00e9s para llegar duante el mes de abril al territorio santafesino.<\/p>\n\n\n\n<p><strong>Muestra \u201cCampeones\u201d \u2013 (Santa Fe)<\/strong><br><strong>Daniel Killer<\/strong>,&nbsp;<strong><em>C\u00e9sar Menotti&nbsp;<\/em><\/strong>y<strong>&nbsp;Sergio Almir\u00f3n<\/strong>&nbsp;(Rosario),<strong>&nbsp;Leopoldo Luque&nbsp;<\/strong>y<strong>&nbsp;Pedro Pasculli&nbsp;<\/strong>en la capital provincial;&nbsp;<strong>N\u00e9stor Clausen<\/strong>&nbsp;(Arruf\u00f3),&nbsp;<strong>Ricardo Giusti<\/strong>&nbsp;(Albarellos)<strong>&nbsp;Nery Pumpido<\/strong>&nbsp;(Monje),<strong>&nbsp;H\u00e9ctor Zelada&nbsp;<\/strong>(Maciel),&nbsp;<strong>Jorge Valdano<\/strong>&nbsp;(Las Parejas ) y&nbsp;<strong>Marcelo Trobbiani<\/strong>&nbsp;(Casilda)<\/p>\n\n\n\n<p><strong>Lionel Messi, \u00c1ngel Di Maria y \u00c1ngel Correa&nbsp;<\/strong>(Rosario),<strong>&nbsp;Franco Armani<\/strong>&nbsp;(Casilda),&nbsp;<strong>Walter Samuel<\/strong>&nbsp;(Firmat) y&nbsp;<strong>Lionel Scaloni&nbsp;<\/strong>(Pujato).<\/p>\n\n\n\n<figure class=\"wp-block-gallery columns-3 is-cropped wp-block-gallery-1 is-layout-flex wp-block-gallery-is-layout-flex\"><ul class=\"blocks-gallery-grid\"><li class=\"blocks-gallery-item\"><figure><img loading=\"lazy\" decoding=\"async\" width=\"1024\" height=\"768\" src=\"http:\/\/enteculturalsantafesino.com.ar\/usina3\/wp-content\/uploads\/2023\/04\/e86bc2c1-1a33-40ef-a83b-2740a21d7925-1024x768.jpg\" alt=\"\" data-id=\"14699\" data-full-url=\"http:\/\/enteculturalsantafesino.com.ar\/usina3\/wp-content\/uploads\/2023\/04\/e86bc2c1-1a33-40ef-a83b-2740a21d7925.jpg\" data-link=\"http:\/\/enteculturalsantafesino.com.ar\/usina3\/?attachment_id=14699\" class=\"wp-image-14699\" srcset=\"http:\/\/enteculturalsantafesino.com.ar\/usina3\/wp-content\/uploads\/2023\/04\/e86bc2c1-1a33-40ef-a83b-2740a21d7925-1024x768.jpg 1024w, http:\/\/enteculturalsantafesino.com.ar\/usina3\/wp-content\/uploads\/2023\/04\/e86bc2c1-1a33-40ef-a83b-2740a21d7925-300x225.jpg 300w, http:\/\/enteculturalsantafesino.com.ar\/usina3\/wp-content\/uploads\/2023\/04\/e86bc2c1-1a33-40ef-a83b-2740a21d7925-768x576.jpg 768w, http:\/\/enteculturalsantafesino.com.ar\/usina3\/wp-content\/uploads\/2023\/04\/e86bc2c1-1a33-40ef-a83b-2740a21d7925-1536x1152.jpg 1536w, http:\/\/enteculturalsantafesino.com.ar\/usina3\/wp-content\/uploads\/2023\/04\/e86bc2c1-1a33-40ef-a83b-2740a21d7925.jpg 1600w\" sizes=\"(max-width: 1024px) 100vw, 1024px\" \/><\/figure><\/li><li class=\"blocks-gallery-item\"><figure><img loading=\"lazy\" decoding=\"async\" width=\"1024\" height=\"768\" src=\"http:\/\/enteculturalsantafesino.com.ar\/usina3\/wp-content\/uploads\/2023\/04\/cc828990-2ef2-4647-891f-da58653e17b3-1024x768.jpg\" alt=\"\" data-id=\"14698\" data-full-url=\"http:\/\/enteculturalsantafesino.com.ar\/usina3\/wp-content\/uploads\/2023\/04\/cc828990-2ef2-4647-891f-da58653e17b3.jpg\" data-link=\"http:\/\/enteculturalsantafesino.com.ar\/usina3\/?attachment_id=14698\" class=\"wp-image-14698\" srcset=\"http:\/\/enteculturalsantafesino.com.ar\/usina3\/wp-content\/uploads\/2023\/04\/cc828990-2ef2-4647-891f-da58653e17b3-1024x768.jpg 1024w, http:\/\/enteculturalsantafesino.com.ar\/usina3\/wp-content\/uploads\/2023\/04\/cc828990-2ef2-4647-891f-da58653e17b3-300x225.jpg 300w, http:\/\/enteculturalsantafesino.com.ar\/usina3\/wp-content\/uploads\/2023\/04\/cc828990-2ef2-4647-891f-da58653e17b3-768x576.jpg 768w, http:\/\/enteculturalsantafesino.com.ar\/usina3\/wp-content\/uploads\/2023\/04\/cc828990-2ef2-4647-891f-da58653e17b3-1536x1152.jpg 1536w, http:\/\/enteculturalsantafesino.com.ar\/usina3\/wp-content\/uploads\/2023\/04\/cc828990-2ef2-4647-891f-da58653e17b3.jpg 1600w\" sizes=\"(max-width: 1024px) 100vw, 1024px\" \/><\/figure><\/li><li class=\"blocks-gallery-item\"><figure><img loading=\"lazy\" decoding=\"async\" width=\"1024\" height=\"768\" src=\"http:\/\/enteculturalsantafesino.com.ar\/usina3\/wp-content\/uploads\/2023\/04\/71199f7c-9151-4f5b-8ff7-a2ffc1a08f73-1024x768.jpg\" alt=\"\" data-id=\"14697\" data-full-url=\"http:\/\/enteculturalsantafesino.com.ar\/usina3\/wp-content\/uploads\/2023\/04\/71199f7c-9151-4f5b-8ff7-a2ffc1a08f73.jpg\" data-link=\"http:\/\/enteculturalsantafesino.com.ar\/usina3\/?attachment_id=14697\" class=\"wp-image-14697\" srcset=\"http:\/\/enteculturalsantafesino.com.ar\/usina3\/wp-content\/uploads\/2023\/04\/71199f7c-9151-4f5b-8ff7-a2ffc1a08f73-1024x768.jpg 1024w, http:\/\/enteculturalsantafesino.com.ar\/usina3\/wp-content\/uploads\/2023\/04\/71199f7c-9151-4f5b-8ff7-a2ffc1a08f73-300x225.jpg 300w, http:\/\/enteculturalsantafesino.com.ar\/usina3\/wp-content\/uploads\/2023\/04\/71199f7c-9151-4f5b-8ff7-a2ffc1a08f73-768x576.jpg 768w, http:\/\/enteculturalsantafesino.com.ar\/usina3\/wp-content\/uploads\/2023\/04\/71199f7c-9151-4f5b-8ff7-a2ffc1a08f73-1536x1152.jpg 1536w, http:\/\/enteculturalsantafesino.com.ar\/usina3\/wp-content\/uploads\/2023\/04\/71199f7c-9151-4f5b-8ff7-a2ffc1a08f73.jpg 1600w\" sizes=\"(max-width: 1024px) 100vw, 1024px\" \/><\/figure><\/li><li class=\"blocks-gallery-item\"><figure><img loading=\"lazy\" decoding=\"async\" width=\"1024\" height=\"768\" src=\"http:\/\/enteculturalsantafesino.com.ar\/usina3\/wp-content\/uploads\/2023\/04\/4b8d2eaa-12cc-4b58-8722-6674c8ba5025-1024x768.jpg\" alt=\"\" data-id=\"14696\" data-full-url=\"http:\/\/enteculturalsantafesino.com.ar\/usina3\/wp-content\/uploads\/2023\/04\/4b8d2eaa-12cc-4b58-8722-6674c8ba5025.jpg\" data-link=\"http:\/\/enteculturalsantafesino.com.ar\/usina3\/?attachment_id=14696\" class=\"wp-image-14696\" srcset=\"http:\/\/enteculturalsantafesino.com.ar\/usina3\/wp-content\/uploads\/2023\/04\/4b8d2eaa-12cc-4b58-8722-6674c8ba5025-1024x768.jpg 1024w, http:\/\/enteculturalsantafesino.com.ar\/usina3\/wp-content\/uploads\/2023\/04\/4b8d2eaa-12cc-4b58-8722-6674c8ba5025-300x225.jpg 300w, http:\/\/enteculturalsantafesino.com.ar\/usina3\/wp-content\/uploads\/2023\/04\/4b8d2eaa-12cc-4b58-8722-6674c8ba5025-768x576.jpg 768w, http:\/\/enteculturalsantafesino.com.ar\/usina3\/wp-content\/uploads\/2023\/04\/4b8d2eaa-12cc-4b58-8722-6674c8ba5025-1536x1152.jpg 1536w, http:\/\/enteculturalsantafesino.com.ar\/usina3\/wp-content\/uploads\/2023\/04\/4b8d2eaa-12cc-4b58-8722-6674c8ba5025.jpg 1600w\" sizes=\"(max-width: 1024px) 100vw, 1024px\" \/><\/figure><\/li><li class=\"blocks-gallery-item\"><figure><img loading=\"lazy\" decoding=\"async\" width=\"1024\" height=\"768\" src=\"http:\/\/enteculturalsantafesino.com.ar\/usina3\/wp-content\/uploads\/2023\/04\/1f5b67f8-26f7-4b24-a8fc-1b93871ebab5-1024x768.jpg\" alt=\"\" data-id=\"14695\" data-full-url=\"http:\/\/enteculturalsantafesino.com.ar\/usina3\/wp-content\/uploads\/2023\/04\/1f5b67f8-26f7-4b24-a8fc-1b93871ebab5.jpg\" data-link=\"http:\/\/enteculturalsantafesino.com.ar\/usina3\/?attachment_id=14695\" class=\"wp-image-14695\" srcset=\"http:\/\/enteculturalsantafesino.com.ar\/usina3\/wp-content\/uploads\/2023\/04\/1f5b67f8-26f7-4b24-a8fc-1b93871ebab5-1024x768.jpg 1024w, http:\/\/enteculturalsantafesino.com.ar\/usina3\/wp-content\/uploads\/2023\/04\/1f5b67f8-26f7-4b24-a8fc-1b93871ebab5-300x225.jpg 300w, http:\/\/enteculturalsantafesino.com.ar\/usina3\/wp-content\/uploads\/2023\/04\/1f5b67f8-26f7-4b24-a8fc-1b93871ebab5-768x576.jpg 768w, http:\/\/enteculturalsantafesino.com.ar\/usina3\/wp-content\/uploads\/2023\/04\/1f5b67f8-26f7-4b24-a8fc-1b93871ebab5-1536x1152.jpg 1536w, http:\/\/enteculturalsantafesino.com.ar\/usina3\/wp-content\/uploads\/2023\/04\/1f5b67f8-26f7-4b24-a8fc-1b93871ebab5.jpg 1600w\" sizes=\"(max-width: 1024px) 100vw, 1024px\" \/><\/figure><\/li><li class=\"blocks-gallery-item\"><figure><img loading=\"lazy\" decoding=\"async\" width=\"1024\" height=\"768\" src=\"http:\/\/enteculturalsantafesino.com.ar\/usina3\/wp-content\/uploads\/2023\/04\/0b10e52c-4bc5-4171-8b25-af1782df2522-1024x768.jpg\" alt=\"\" data-id=\"14694\" data-full-url=\"http:\/\/enteculturalsantafesino.com.ar\/usina3\/wp-content\/uploads\/2023\/04\/0b10e52c-4bc5-4171-8b25-af1782df2522.jpg\" data-link=\"http:\/\/enteculturalsantafesino.com.ar\/usina3\/?attachment_id=14694\" class=\"wp-image-14694\" srcset=\"http:\/\/enteculturalsantafesino.com.ar\/usina3\/wp-content\/uploads\/2023\/04\/0b10e52c-4bc5-4171-8b25-af1782df2522-1024x768.jpg 1024w, http:\/\/enteculturalsantafesino.com.ar\/usina3\/wp-content\/uploads\/2023\/04\/0b10e52c-4bc5-4171-8b25-af1782df2522-300x225.jpg 300w, http:\/\/enteculturalsantafesino.com.ar\/usina3\/wp-content\/uploads\/2023\/04\/0b10e52c-4bc5-4171-8b25-af1782df2522-768x576.jpg 768w, http:\/\/enteculturalsantafesino.com.ar\/usina3\/wp-content\/uploads\/2023\/04\/0b10e52c-4bc5-4171-8b25-af1782df2522-1536x1152.jpg 1536w, http:\/\/enteculturalsantafesino.com.ar\/usina3\/wp-content\/uploads\/2023\/04\/0b10e52c-4bc5-4171-8b25-af1782df2522.jpg 1600w\" sizes=\"(max-width: 1024px) 100vw, 1024px\" \/><\/figure><\/li><\/ul><\/figure>\n","protected":false},"excerpt":{"rendered":"<p>El\u00a0jueves 20\u00a0se inauguraron en el\u00a0Sal\u00f3n Cultural Comunal las muestras \u00abArte en Pelotas\u00bb y Campeones\u00bb Con la presencia [&hellip;]<\/p>\n","protected":false},"author":3,"featured_media":14700,"comment_status":"open","ping_status":"open","sticky":false,"template":"","format":"standard","meta":{"_jetpack_memberships_contains_paid_content":false,"footnotes":"","jetpack_publicize_message":"","jetpack_publicize_feature_enabled":true,"jetpack_social_post_already_shared":true,"jetpack_social_options":{"image_generator_settings":{"template":"highway","enabled":false}}},"categories":[4,12],"tags":[],"jetpack_publicize_connections":[],"jetpack_featured_media_url":"http:\/\/enteculturalsantafesino.com.ar\/usina3\/wp-content\/uploads\/2023\/04\/6e06f2b6-f5a9-40aa-bb0a-814f67a8cb08.jpg","jetpack_sharing_enabled":true,"_links":{"self":[{"href":"http:\/\/enteculturalsantafesino.com.ar\/usina3\/wp-json\/wp\/v2\/posts\/14693"}],"collection":[{"href":"http:\/\/enteculturalsantafesino.com.ar\/usina3\/wp-json\/wp\/v2\/posts"}],"about":[{"href":"http:\/\/enteculturalsantafesino.com.ar\/usina3\/wp-json\/wp\/v2\/types\/post"}],"author":[{"embeddable":true,"href":"http:\/\/enteculturalsantafesino.com.ar\/usina3\/wp-json\/wp\/v2\/users\/3"}],"replies":[{"embeddable":true,"href":"http:\/\/enteculturalsantafesino.com.ar\/usina3\/wp-json\/wp\/v2\/comments?post=14693"}],"version-history":[{"count":2,"href":"http:\/\/enteculturalsantafesino.com.ar\/usina3\/wp-json\/wp\/v2\/posts\/14693\/revisions"}],"predecessor-version":[{"id":14707,"href":"http:\/\/enteculturalsantafesino.com.ar\/usina3\/wp-json\/wp\/v2\/posts\/14693\/revisions\/14707"}],"wp:featuredmedia":[{"embeddable":true,"href":"http:\/\/enteculturalsantafesino.com.ar\/usina3\/wp-json\/wp\/v2\/media\/14700"}],"wp:attachment":[{"href":"http:\/\/enteculturalsantafesino.com.ar\/usina3\/wp-json\/wp\/v2\/media?parent=14693"}],"wp:term":[{"taxonomy":"category","embeddable":true,"href":"http:\/\/enteculturalsantafesino.com.ar\/usina3\/wp-json\/wp\/v2\/categories?post=14693"},{"taxonomy":"post_tag","embeddable":true,"href":"http:\/\/enteculturalsantafesino.com.ar\/usina3\/wp-json\/wp\/v2\/tags?post=14693"}],"curies":[{"name":"wp","href":"https:\/\/api.w.org\/{rel}","templated":true}]}}