{"id":14749,"date":"2023-05-13T22:21:16","date_gmt":"2023-05-13T22:21:16","guid":{"rendered":"http:\/\/enteculturalsantafesino.com.ar\/usina3\/?p=14749"},"modified":"2023-05-13T22:23:37","modified_gmt":"2023-05-13T22:23:37","slug":"se-puso-en-marcha-el-quinto-torneo-provincial-de-bolitas","status":"publish","type":"post","link":"http:\/\/enteculturalsantafesino.com.ar\/usina3\/2023\/05\/se-puso-en-marcha-el-quinto-torneo-provincial-de-bolitas\/","title":{"rendered":"Se puso en marcha el \u00abQuinto Torneo Provincial de Bolitas\u00bb en Pi\u00f1ero"},"content":{"rendered":"\n<p>Este<strong> s\u00e1bado 13 <\/strong>por la ma\u00f1ana  se disput\u00f3 la instancia local del \u00ab<strong>5\u00b0 Torneo Provincial de Bolitas\u00bb &#8211; \u201cCopa 15 a\u00f1os , <\/strong>organizado por el <strong>Ente Cultural Santafesino<\/strong> y la <strong>Gesti\u00f3n comunal Walter Carenzo.<\/strong><\/p>\n\n\n\n<p>La jornada con gran asistencia de ni\u00f1os y ni\u00f1as, se desarroll\u00f3 pasada las <strong>11 hs. <\/strong>en la <strong>Plaza san Mart\u00edn<\/strong> de nuestra localidad de <strong>Pi\u00f1ero<\/strong>, donde compitieron por tres de las categor\u00edas del torneo.<\/p>\n\n\n\n<p><strong>Los ganadores fueron:<\/strong><br>&#8211;<strong>Jhonatan Estecho ( 10 a\u00f1os) &#8211; Ganador &#8211; Categor\u00eda A<\/strong><br><strong>-Yael Grifero (14 a\u00f1os)- Ganador &#8211; Categor\u00eda B<\/strong><br>&#8211;<strong>Nazareno Ben\u00edtez (16 a\u00f1os) &#8211; Ganador &#8211; Categor\u00eda C<\/strong><\/p>\n\n\n\n<p>La propuesta se extiende en m\u00e1s de cien comunidades santafesinas buscando difundir no solo este juego tradicional, sino tambi\u00e9n la producci\u00f3n y la cultura del trabajo.<\/p>\n\n\n\n<p>El certamen contar\u00e1 con competencias locales a desarrollarse durante el mes de mayo y junio; luego regionales (que ser\u00e1n durante el 8 y 9 de julio) y la gran final en la ciudad de San Jorge (en septiembre) posibilitando que los participantes recorran a la Primera f\u00e1brica Argentina de Bolitas de Cristal.<\/p>\n\n\n\n<p><strong>Claudia Giaccone<\/strong>&nbsp;se\u00f1al\u00f3 que este trabajo de transitar los distintos caminos santafesinos nos lleva a descubrir el potencial humano y productivo que tambi\u00e9n tiene que ver con la cultura del trabajo de nuestra Santa Fe.<em>&nbsp;\u00abAll\u00ed aparecen estas f\u00e1bricas, que son patrimonio cultural y de trabajo para muchos santafesinos y santafesinas\u00bb<\/em>.&nbsp;<em>\u00abHoy nos llena de orgullo generar un nuevo Torneo con la particpaci\u00f3n en el marco de estos quince a\u00f1os de la Fundaci\u00f3n&nbsp;<strong>\u00abCultura Nativa\u00bb<\/strong>&nbsp;quien estar\u00e1 desarrollando del&nbsp;<strong>21 al 26 de mayo<\/strong>&nbsp;en el&nbsp;<strong>Encuentro de la Cultura Nativa<\/strong>; en donde se realizan actividades deportivas, educaci\u00f3n y socioculturales en la comunidad de La Merced\u00bb<\/em><\/p>\n\n\n\n<p>En la actualidad en<strong>&nbsp;Tinka trabajan 9 personas<\/strong>, mucha de ellas hace m\u00e1s de 20 a\u00f1os que mantienen vivo el oficio de vidriero. En la actualidad, la f\u00e1brica trabaja todo con vidrio reciclado.<\/p>\n\n\n\n<p>En 1995 se produce un hito para la f\u00e1brica con la incorporaci\u00f3n de una m\u00e1quina de Taiw\u00e1n que le permiti\u00f3 expandir mucho m\u00e1s su producci\u00f3n. Hoy, Tinka fabrica unas 400 mil bolitas diarias. El horno a 1.600 grados se prende los domingos a la tarde y reci\u00e9n se apaga los s\u00e1bados al mediod\u00eda.<\/p>\n\n\n\n<p><\/p>\n","protected":false},"excerpt":{"rendered":"<p>Este s\u00e1bado 13 por la ma\u00f1ana se disput\u00f3 la instancia local del \u00ab5\u00b0 Torneo Provincial de Bolitas\u00bb [&hellip;]<\/p>\n","protected":false},"author":3,"featured_media":14750,"comment_status":"open","ping_status":"open","sticky":false,"template":"","format":"standard","meta":{"_jetpack_memberships_contains_paid_content":false,"footnotes":"","jetpack_publicize_message":"","jetpack_publicize_feature_enabled":true,"jetpack_social_post_already_shared":true,"jetpack_social_options":{"image_generator_settings":{"template":"highway","enabled":false}}},"categories":[4,38],"tags":[],"jetpack_publicize_connections":[],"jetpack_featured_media_url":"http:\/\/enteculturalsantafesino.com.ar\/usina3\/wp-content\/uploads\/2023\/05\/83cb5f4f-b0cf-46fd-86cf-eb8b87e1b6b0.jpg","jetpack_sharing_enabled":true,"_links":{"self":[{"href":"http:\/\/enteculturalsantafesino.com.ar\/usina3\/wp-json\/wp\/v2\/posts\/14749"}],"collection":[{"href":"http:\/\/enteculturalsantafesino.com.ar\/usina3\/wp-json\/wp\/v2\/posts"}],"about":[{"href":"http:\/\/enteculturalsantafesino.com.ar\/usina3\/wp-json\/wp\/v2\/types\/post"}],"author":[{"embeddable":true,"href":"http:\/\/enteculturalsantafesino.com.ar\/usina3\/wp-json\/wp\/v2\/users\/3"}],"replies":[{"embeddable":true,"href":"http:\/\/enteculturalsantafesino.com.ar\/usina3\/wp-json\/wp\/v2\/comments?post=14749"}],"version-history":[{"count":2,"href":"http:\/\/enteculturalsantafesino.com.ar\/usina3\/wp-json\/wp\/v2\/posts\/14749\/revisions"}],"predecessor-version":[{"id":14752,"href":"http:\/\/enteculturalsantafesino.com.ar\/usina3\/wp-json\/wp\/v2\/posts\/14749\/revisions\/14752"}],"wp:featuredmedia":[{"embeddable":true,"href":"http:\/\/enteculturalsantafesino.com.ar\/usina3\/wp-json\/wp\/v2\/media\/14750"}],"wp:attachment":[{"href":"http:\/\/enteculturalsantafesino.com.ar\/usina3\/wp-json\/wp\/v2\/media?parent=14749"}],"wp:term":[{"taxonomy":"category","embeddable":true,"href":"http:\/\/enteculturalsantafesino.com.ar\/usina3\/wp-json\/wp\/v2\/categories?post=14749"},{"taxonomy":"post_tag","embeddable":true,"href":"http:\/\/enteculturalsantafesino.com.ar\/usina3\/wp-json\/wp\/v2\/tags?post=14749"}],"curies":[{"name":"wp","href":"https:\/\/api.w.org\/{rel}","templated":true}]}}